{"id":14372,"date":"2025-11-25T21:24:51","date_gmt":"2025-11-26T00:24:51","guid":{"rendered":"https:\/\/jeffersonisac.adv.br\/index.php\/2025\/11\/25\/prisao-de-bolsonaro-repercute-nos-discursos-de-deputados-no-plenario-da-camara\/"},"modified":"2025-11-25T21:24:51","modified_gmt":"2025-11-26T00:24:51","slug":"prisao-de-bolsonaro-repercute-nos-discursos-de-deputados-no-plenario-da-camara","status":"publish","type":"post","link":"https:\/\/jeffersonisac.adv.br\/index.php\/2025\/11\/25\/prisao-de-bolsonaro-repercute-nos-discursos-de-deputados-no-plenario-da-camara\/","title":{"rendered":"Pris\u00e3o de Bolsonaro repercute nos discursos de deputados no Plen\u00e1rio da C\u00e2mara"},"content":{"rendered":"<div class=\"image-container\">\n<div class=\"midia-creditos\"><em>Kayo Magalh\u00e3es\/C\u00e2mara dos Deputados<\/em><\/div>\n<div class=\"media-wrapper\"><\/div>\n<div class=\"midia-legenda\">Deputados na sess\u00e3o do Plen\u00e1rio desta ter\u00e7a-feira<\/div>\n<\/div>\n<p>A pris\u00e3o do ex-presidente Jair Bolsonaro foi o principal tema dos discursos desta ter\u00e7a-feira (25) no Plen\u00e1rio da C\u00e2mara dos Deputados. Parlamentares governistas elogiaram o funcionamento da Justi\u00e7a com o in\u00edcio do cumprimento da pena do ex-presidente, condenado por liderar uma organiza\u00e7\u00e3o criminosa na tentativa de golpe de Estado e de impedir a posse do presidente Luiz In\u00e1cio Lula da Silva. J\u00e1 parlamentares da oposi\u00e7\u00e3o classificaram a pris\u00e3o de Bolsonaro como um &#8220;golpe institucional&#8221;.<\/p>\n<p>O Supremo Tribunal Federal (STF) declarou nesta ter\u00e7a que o processo do ex-presidente por golpe de Estado <span class=\"termoGlossario\">transitou em julgado<\/span>, ou seja, n\u00e3o cabem mais recursos. Assim, ele j\u00e1 pode cumprir a pena de 27 anos e 3 meses de pris\u00e3o.<\/p>\n<p>Bolsonaro come\u00e7ou a cumprir a pena em regime fechado na sede da Pol\u00edcia Federal em Bras\u00edlia. Ele j\u00e1 estava em pris\u00e3o preventiva desde s\u00e1bado (22) por ter violado a tornozeleira eletr\u00f4nica que usava em pris\u00e3o domiciliar e por haver, segundo o STF, risco de fuga.<\/p>\n<p>O deputado Helder Salom\u00e3o (PT-ES) destacou que quem atentou contra o Estado Democr\u00e1tico de Direito come\u00e7a a pagar por seus crimes. &#8220;Que sirva de exemplo para que ningu\u00e9m ouse mais uma vez tentar golpe de Estado no nosso pa\u00eds&#8221;, afirmou.<\/p>\n<p>O deputado Jo\u00e3o Daniel (PT-SE) parabenizou o Judici\u00e1rio pela &#8220;atua\u00e7\u00e3o s\u00e9ria e coerente, sem abrir m\u00e3o de todas as prerrogativas do direito \u00e0 defesa, mas que faz cumprir a Constitui\u00e7\u00e3o&#8221;.<\/p>\n<p><strong>Pris\u00e3o de generais<\/strong><br \/>\nO deputado Chico Alencar (Psol-RJ) disse que o dia de hoje \u00e9 hist\u00f3rico porque, pela primeira vez, generais foram presos para cumprir pena ap\u00f3s o devido processo legal. &#8220;Isso tudo deve ser louvado porque \u00e9 um passo adiante na constru\u00e7\u00e3o da democracia brasileira&#8221;, declarou, ao citar os generais e ex-ministros do governo Bolsonaro Augusto Heleno e Paulo S\u00e9rgio Nogueira, presos nesta ter\u00e7a.<\/p>\n<p>A deputada Maria do Ros\u00e1rio (PT-RS) afirmou que o Brasil conclui uma etapa importante da constru\u00e7\u00e3o democr\u00e1tica com a pris\u00e3o dos condenados por liderar o golpe de Estado. &#8220;O Brasil oferece um s\u00edmbolo de que aqueles que tentam rasgar a Constitui\u00e7\u00e3o, atacar as institui\u00e7\u00f5es e a Na\u00e7\u00e3o brasileira n\u00e3o receber\u00e3o a leni\u00eancia e o apoio das institui\u00e7\u00f5es e do Brasil&#8221;, disse a parlamentar.<\/p>\n<div class=\"image-container\">\n<div class=\"midia-creditos\"><em>Kayo Magalh\u00e3es\/C\u00e2mara dos Deputados<\/em><\/div>\n<div class=\"media-wrapper\"><\/div>\n<div class=\"midia-legenda\">Chico Alencar: primeira vez, generais foram presos ap\u00f3s o devido processo legal<\/div>\n<\/div>\n<p>O deputado Tadeu Veneri (PT-PR) tamb\u00e9m ressaltou a import\u00e2ncia hist\u00f3rica da data e a associou aos 50 anos da morte do jornalista Vladimir Herzog pela ditadura militar. &#8220;N\u00e3o poderia ser um dia mais significativo. Cinquenta anos depois, ainda que tarde, faz-se justi\u00e7a: Bolsonaro ir\u00e1 cumprir os pr\u00f3ximos anos na cadeia; e Vladimir Herzog continua vivo na mem\u00f3ria de todos que querem democracia&#8221;, declarou.<\/p>\n<p><strong>Cr\u00edticas ao STF<\/strong><br \/>\nPara o l\u00edder do Novo, deputado Marcel van Hattem (Novo-RS), h\u00e1 um &#8220;golpe&#8221; que est\u00e1 consumado pelo STF que, segundo o parlamentar, coloca pessoas &#8220;inocentes e perseguidas&#8221; na cadeia &#8220;de forma ilegal e inconstitucional&#8221;. &#8220;Esta Casa precisa votar a anistia e virar esta p\u00e1gina&#8221;, disse Van Hattem, ao defender o Projeto de Lei 2162\/23, que anistia os participantes dos atos de 8 janeiro de 2023, entre outros.<\/p>\n<p>O texto teve sua <span class=\"termoGlossario\">urg\u00eancia<\/span> <a href=\"https:\/\/www.camara.leg.br\/noticias\/1201418-CAMARA-APROVA-REGIME-DE-URGENCIA-PARA-PROJETO-SOBRE-ANISTIA\">aprovada em 17 de setembro<\/a> e aguarda inclus\u00e3o na pauta do Plen\u00e1rio.<\/p>\n<p>Para o deputado Capit\u00e3o Alberto Neto (PL-AM), a pris\u00e3o do ex-presidente mostra que o Brasil est\u00e1 sob a &#8220;ditadura da toga&#8221;.<\/p>\n<div class=\"image-container\">\n<div class=\"midia-creditos\"><em>Kayo Magalh\u00e3es\/C\u00e2mara dos Deputados<\/em><\/div>\n<div class=\"media-wrapper\"><\/div>\n<div class=\"midia-legenda\">Alberto Neto: a pris\u00e3o do ex-presidente mostra que o Brasil est\u00e1 sob a &#8220;ditadura da toga&#8221;<\/div>\n<\/div>\n<p>Essa foi a mesma cr\u00edtica levantada pelo deputado Cabo Gilberto Silva (PL-PB), vice-l\u00edder da oposi\u00e7\u00e3o. &#8220;Hoje estamos vivendo um estado de exce\u00e7\u00e3o, regime totalit\u00e1rio comandado \u00e0 m\u00e3o de ferro pela Suprema Corte do pa\u00eds, que rasga, reiteradas vezes, a Carta Magna. Presidente Bolsonaro \u00e9 mais um preso pol\u00edtico sem julgamento justo de uma trama que fizeram para vencer as elei\u00e7\u00f5es e colocar o presidente Bolsonaro na cadeia&#8221;, afirmou.<\/p>\n<p>Na opini\u00e3o do deputado Pr. Marco Feliciano (PL-SP), nunca houve um processo &#8220;t\u00e3o injusto e t\u00e3o r\u00e1pido&#8221; no STF. &#8220;Parece que foram sacrificando aos poucos, torturando aos poucos o presidente Bolsonaro para agora sair ent\u00e3o a pris\u00e3o definitiva de um presidente que n\u00e3o roubou o pa\u00eds, que n\u00e3o estava em nenhum tipo de esc\u00e2ndalo, de mensal\u00e3o, de nada.&#8221;<\/p>\n<p>O deputado Sargento Gon\u00e7alves (PL-RN) disse que o Judici\u00e1rio est\u00e1 sendo usado como &#8220;ferramenta de persegui\u00e7\u00e3o pol\u00edtica e ideol\u00f3gica&#8221; em que deputados com mandato precisam se autoexilar para n\u00e3o serem presos. &#8220;N\u00f3s vivenciamos a verdadeira ditadura da toga, na qual um \u00fanico ministro tira as leis da sua cabe\u00e7a, n\u00e3o respeita a Constitui\u00e7\u00e3o&#8221;, criticou, citando o ministro Alexandre de Moraes.<\/p>","protected":false},"excerpt":{"rendered":"<p>Kayo Magalh\u00e3es\/C\u00e2mara dos Deputados Deputados na sess\u00e3o do Plen\u00e1rio desta ter\u00e7a-feira A pris\u00e3o do ex-presidente Jair Bolsonaro foi o principal tema dos discursos desta ter\u00e7a-feira (25) no Plen\u00e1rio da C\u00e2mara dos Deputados. Parlamentares governistas elogiaram o funcionamento da Justi\u00e7a com o in\u00edcio do cumprimento da pena do ex-presidente, condenado por liderar uma organiza\u00e7\u00e3o criminosa na [&hellip;]<\/p>\n","protected":false},"author":0,"featured_media":0,"comment_status":"open","ping_status":"open","sticky":false,"template":"","format":"standard","meta":{"footnotes":""},"categories":[1],"tags":[],"_links":{"self":[{"href":"https:\/\/jeffersonisac.adv.br\/index.php\/wp-json\/wp\/v2\/posts\/14372"}],"collection":[{"href":"https:\/\/jeffersonisac.adv.br\/index.php\/wp-json\/wp\/v2\/posts"}],"about":[{"href":"https:\/\/jeffersonisac.adv.br\/index.php\/wp-json\/wp\/v2\/types\/post"}],"replies":[{"embeddable":true,"href":"https:\/\/jeffersonisac.adv.br\/index.php\/wp-json\/wp\/v2\/comments?post=14372"}],"version-history":[{"count":0,"href":"https:\/\/jeffersonisac.adv.br\/index.php\/wp-json\/wp\/v2\/posts\/14372\/revisions"}],"wp:attachment":[{"href":"https:\/\/jeffersonisac.adv.br\/index.php\/wp-json\/wp\/v2\/media?parent=14372"}],"wp:term":[{"taxonomy":"category","embeddable":true,"href":"https:\/\/jeffersonisac.adv.br\/index.php\/wp-json\/wp\/v2\/categories?post=14372"},{"taxonomy":"post_tag","embeddable":true,"href":"https:\/\/jeffersonisac.adv.br\/index.php\/wp-json\/wp\/v2\/tags?post=14372"}],"curies":[{"name":"wp","href":"https:\/\/api.w.org\/{rel}","templated":true}]}}