{"id":14377,"date":"2025-11-26T09:25:48","date_gmt":"2025-11-26T12:25:48","guid":{"rendered":"https:\/\/jeffersonisac.adv.br\/index.php\/2025\/11\/26\/conselho-de-etica-reune-se-nesta-tarde-para-analisar-representacoes-contra-quatro-parlamentares\/"},"modified":"2025-11-26T09:25:48","modified_gmt":"2025-11-26T12:25:48","slug":"conselho-de-etica-reune-se-nesta-tarde-para-analisar-representacoes-contra-quatro-parlamentares","status":"publish","type":"post","link":"https:\/\/jeffersonisac.adv.br\/index.php\/2025\/11\/26\/conselho-de-etica-reune-se-nesta-tarde-para-analisar-representacoes-contra-quatro-parlamentares\/","title":{"rendered":"Conselho de \u00c9tica re\u00fane-se nesta tarde para analisar representa\u00e7\u00f5es contra quatro parlamentares"},"content":{"rendered":"<div class=\"image-container\">\n<div class=\"midia-creditos\"><em>Zeca Ribeiro\/C\u00e2mara dos Deputados<\/em><\/div>\n<div class=\"media-wrapper\"><\/div>\n<div class=\"midia-legenda\">Conselho de \u00c9tica e Decoro Parlamentar reuniu-se ontem<\/div>\n<\/div>\n<p>O Conselho de \u00c9tica e Decoro Parlamentar da C\u00e2mara dos Deputados re\u00fane-se nesta quarta-feira (26), \u00e0s 14 horas, no plen\u00e1rio 10, para an\u00e1lise de pareceres.<\/p>\n<p><a href=\"https:\/\/www.camara.leg.br\/evento-legislativo\/80404\">Veja a pauta completa<\/a><\/p>\n<p><a href=\"https:\/\/www.camara.leg.br\/noticias\/1226438-conselho-de-etica-mantem-decisao-e-nao-aplica-novas-penalidades-a-gilvan-da-federal\/\">Em reuni\u00e3o ontem<\/a>, o colegiado decidiu pelo arquivamento de cinco representa\u00e7\u00f5es e por n\u00e3o aplicar novas penalidades ao deputado Gilvan da Federal (PL-ES).<\/p>\n<p><strong>Lindbergh Farias<\/strong><\/p>\n<p>O parlamentar responde a dois processos:<\/p>\n<p>Na\u00a0<a href=\"https:\/\/www.camara.leg.br\/proposicoesWeb\/prop_mostrarintegra?codteor=2975403&amp;filename=REP%209\/2025\">REP 9\/25<\/a>, o Novo acusa Lindbergh Farias (PT-RJ) de ter divulgado, em redes sociais, imputa\u00e7\u00f5es falsas ao deputado Marcel van Hattem (Novo-RS).<br \/>\nNa <a href=\"https:\/\/www.camara.leg.br\/proposicoesWeb\/prop_mostrarintegra?codteor=2975427&amp;filename=REP%2012\/2025\">REP 12\/25<\/a>, o PL acusa Lindbergh de ter ofendido o deputado Gustavo Gayer (PL-GO) em mar\u00e7o deste ano e defendido sua cassa\u00e7\u00e3o.<\/p>\n<p><strong>Andr\u00e9 Janones<br \/>\n<\/strong>O deputado responde a tr\u00eas processos:<\/p>\n<p>Na <a href=\"https:\/\/www.camara.leg.br\/proposicoesWeb\/prop_mostrarintegra?codteor=2955251&amp;filename=REP%203\/2025\">REP 3\/25<\/a>, a Mesa Diretora acusa o deputado Andr\u00e9 Janones (Avante-MG) de quebra de decoro por ofensas dirigidas ao deputado Nikolas Ferreira (PL-MG) e provoca\u00e7\u00f5es \u00e0 bancada do Partido Liberal (PL) durante sess\u00e3o de 9 de julho de 2025, configurando abuso de prerrogativas parlamentares e atentado \u00e0 dignidade do Parlamento.<br \/>\nNa <a href=\"https:\/\/www.camara.leg.br\/proposicoesWeb\/prop_mostrarintegra?codteor=2975349&amp;filename=REP%208\/2025\">REP 8\/25<\/a>, o PL acusa Janones de ter solicitado que servidores devolvessem parte de seus sal\u00e1rios para beneficiar sua campanha.<br \/>\nNa <a href=\"https:\/\/www.camara.leg.br\/proposicoesWeb\/prop_mostrarintegra?codteor=2975439&amp;filename=REP%2014\/2025\">REP 14\/25<\/a>, o PL acusa Janones de ter postado, em suas redes sociais, ofensas graves contra o deputado Gustavo Gayer.<\/p>\n<p><strong>Guilherme Boulos<br \/>\n<\/strong>O deputado Guilherme Boulos (Psol-SP) \u00e9 acusado pelo PL (<a href=\"https:\/\/www.camara.leg.br\/proposicoesWeb\/prop_mostrarintegra?codteor=2975438&amp;filename=REP%2013\/2025\">REP 13\/25<\/a>) de ter ofendido parlamentares da legenda durante reuni\u00e3o do Conselho de \u00c9tica em abril deste ano.<\/p>\n<p><strong>Jos\u00e9 Medeiros<br \/>\n<\/strong>O deputado Jos\u00e9 Medeiros (PL-MT) \u00e9 acusado pelo Psol (<a href=\"https:\/\/www.camara.leg.br\/proposicoesWeb\/prop_mostrarintegra?codteor=2975455&amp;filename=REP%2018\/2025\">REP 18\/25<\/a>) por falas ofensivas e discriminat\u00f3rias contra o deputado Ivan Valente (Psol-SP).<\/p>","protected":false},"excerpt":{"rendered":"<p>Zeca Ribeiro\/C\u00e2mara dos Deputados Conselho de \u00c9tica e Decoro Parlamentar reuniu-se ontem O Conselho de \u00c9tica e Decoro Parlamentar da C\u00e2mara dos Deputados re\u00fane-se nesta quarta-feira (26), \u00e0s 14 horas, no plen\u00e1rio 10, para an\u00e1lise de pareceres. Veja a pauta completa Em reuni\u00e3o ontem, o colegiado decidiu pelo arquivamento de cinco representa\u00e7\u00f5es e por n\u00e3o [&hellip;]<\/p>\n","protected":false},"author":0,"featured_media":0,"comment_status":"open","ping_status":"open","sticky":false,"template":"","format":"standard","meta":{"footnotes":""},"categories":[1],"tags":[],"_links":{"self":[{"href":"https:\/\/jeffersonisac.adv.br\/index.php\/wp-json\/wp\/v2\/posts\/14377"}],"collection":[{"href":"https:\/\/jeffersonisac.adv.br\/index.php\/wp-json\/wp\/v2\/posts"}],"about":[{"href":"https:\/\/jeffersonisac.adv.br\/index.php\/wp-json\/wp\/v2\/types\/post"}],"replies":[{"embeddable":true,"href":"https:\/\/jeffersonisac.adv.br\/index.php\/wp-json\/wp\/v2\/comments?post=14377"}],"version-history":[{"count":0,"href":"https:\/\/jeffersonisac.adv.br\/index.php\/wp-json\/wp\/v2\/posts\/14377\/revisions"}],"wp:attachment":[{"href":"https:\/\/jeffersonisac.adv.br\/index.php\/wp-json\/wp\/v2\/media?parent=14377"}],"wp:term":[{"taxonomy":"category","embeddable":true,"href":"https:\/\/jeffersonisac.adv.br\/index.php\/wp-json\/wp\/v2\/categories?post=14377"},{"taxonomy":"post_tag","embeddable":true,"href":"https:\/\/jeffersonisac.adv.br\/index.php\/wp-json\/wp\/v2\/tags?post=14377"}],"curies":[{"name":"wp","href":"https:\/\/api.w.org\/{rel}","templated":true}]}}