{"id":14378,"date":"2025-11-26T10:26:03","date_gmt":"2025-11-26T13:26:03","guid":{"rendered":"https:\/\/jeffersonisac.adv.br\/index.php\/2025\/11\/26\/motta-destaca-sancao-do-projeto-que-isenta-salarios-de-ate-r-5-mil-do-imposto-de-renda\/"},"modified":"2025-11-26T10:26:03","modified_gmt":"2025-11-26T13:26:03","slug":"motta-destaca-sancao-do-projeto-que-isenta-salarios-de-ate-r-5-mil-do-imposto-de-renda","status":"publish","type":"post","link":"https:\/\/jeffersonisac.adv.br\/index.php\/2025\/11\/26\/motta-destaca-sancao-do-projeto-que-isenta-salarios-de-ate-r-5-mil-do-imposto-de-renda\/","title":{"rendered":"Motta destaca san\u00e7\u00e3o do projeto que isenta sal\u00e1rios de at\u00e9 R$ 5 mil do Imposto de Renda"},"content":{"rendered":"<div class=\"image-container\">\n<div class=\"midia-creditos\"><em>Acervo C\u00e2mara dos Deputados<\/em><\/div>\n<div class=\"media-wrapper\"><\/div>\n<div class=\"midia-legenda\">Motta: resultado da uni\u00e3o dos Poderes em favor do Brasil<\/div>\n<\/div>\n<p>O presidente da C\u00e2mara, Hugo Motta (Republicanos-PB), afirmou que a isen\u00e7\u00e3o do Imposto de Renda para quem ganha at\u00e9 R$ 5 mil \u00e9 uma vit\u00f3ria hist\u00f3rica para os brasileiros. O texto ser\u00e1 sancionado nesta quarta-feira (26) pelo presidente Luiz In\u00e1cio Lula da Silva.<\/p>\n<p>Motta destacou que o projeto foi melhorado pela C\u00e2mara, que ampliou a redu\u00e7\u00e3o da al\u00edquota para quem recebe at\u00e9 R$ 7.350. O presidente lembrou que a aprova\u00e7\u00e3o foi un\u00e2nime na Casa.<\/p>\n<p>\u201cEste \u00e9 o resultado da uni\u00e3o dos Poderes em favor do Brasil. Com respeito \u00e0s atribui\u00e7\u00f5es legislativas, di\u00e1logo e equil\u00edbrio, o pa\u00eds avan\u00e7a\u201d, afirmou Motta, por meio de suas redes sociais.<\/p>\n<p>\u00a0<\/p>\n<p>\u00a0<\/p>","protected":false},"excerpt":{"rendered":"<p>Acervo C\u00e2mara dos Deputados Motta: resultado da uni\u00e3o dos Poderes em favor do Brasil O presidente da C\u00e2mara, Hugo Motta (Republicanos-PB), afirmou que a isen\u00e7\u00e3o do Imposto de Renda para quem ganha at\u00e9 R$ 5 mil \u00e9 uma vit\u00f3ria hist\u00f3rica para os brasileiros. O texto ser\u00e1 sancionado nesta quarta-feira (26) pelo presidente Luiz In\u00e1cio Lula [&hellip;]<\/p>\n","protected":false},"author":0,"featured_media":0,"comment_status":"open","ping_status":"open","sticky":false,"template":"","format":"standard","meta":{"footnotes":""},"categories":[1],"tags":[],"_links":{"self":[{"href":"https:\/\/jeffersonisac.adv.br\/index.php\/wp-json\/wp\/v2\/posts\/14378"}],"collection":[{"href":"https:\/\/jeffersonisac.adv.br\/index.php\/wp-json\/wp\/v2\/posts"}],"about":[{"href":"https:\/\/jeffersonisac.adv.br\/index.php\/wp-json\/wp\/v2\/types\/post"}],"replies":[{"embeddable":true,"href":"https:\/\/jeffersonisac.adv.br\/index.php\/wp-json\/wp\/v2\/comments?post=14378"}],"version-history":[{"count":0,"href":"https:\/\/jeffersonisac.adv.br\/index.php\/wp-json\/wp\/v2\/posts\/14378\/revisions"}],"wp:attachment":[{"href":"https:\/\/jeffersonisac.adv.br\/index.php\/wp-json\/wp\/v2\/media?parent=14378"}],"wp:term":[{"taxonomy":"category","embeddable":true,"href":"https:\/\/jeffersonisac.adv.br\/index.php\/wp-json\/wp\/v2\/categories?post=14378"},{"taxonomy":"post_tag","embeddable":true,"href":"https:\/\/jeffersonisac.adv.br\/index.php\/wp-json\/wp\/v2\/tags?post=14378"}],"curies":[{"name":"wp","href":"https:\/\/api.w.org\/{rel}","templated":true}]}}