{"id":14379,"date":"2025-11-26T10:26:03","date_gmt":"2025-11-26T13:26:03","guid":{"rendered":"https:\/\/jeffersonisac.adv.br\/index.php\/2025\/11\/26\/projeto-cria-crime-especifico-para-o-assedio-moral-no-codigo-penal\/"},"modified":"2025-11-26T10:26:03","modified_gmt":"2025-11-26T13:26:03","slug":"projeto-cria-crime-especifico-para-o-assedio-moral-no-codigo-penal","status":"publish","type":"post","link":"https:\/\/jeffersonisac.adv.br\/index.php\/2025\/11\/26\/projeto-cria-crime-especifico-para-o-assedio-moral-no-codigo-penal\/","title":{"rendered":"Projeto cria crime espec\u00edfico para o ass\u00e9dio moral no C\u00f3digo Penal"},"content":{"rendered":"<div class=\"image-container\">\n<div class=\"midia-creditos\"><em>Renato Araujo\/C\u00e2mara dos Deputados<\/em><\/div>\n<div class=\"media-wrapper\"><\/div>\n<div class=\"midia-legenda\">Alex Santana, autor da proposta<\/div>\n<\/div>\n<p>O Projeto de Lei 1080\/25 inclui no <a href=\"https:\/\/www2.camara.leg.br\/legin\/fed\/declei\/1940-1949\/decreto-lei-2848-7-dezembro-1940-412868-norma-pe.html\">C\u00f3digo Penal<\/a>\u00a0uma tipifica\u00e7\u00e3o espec\u00edfica para o ass\u00e9dio moral, ou seja, o ato de ofender a dignidade de algu\u00e9m, aproveitando-se da condi\u00e7\u00e3o de superior hier\u00e1rquico no emprego. O texto tamb\u00e9m cria formas qualificadas dos crimes de ass\u00e9dio moral e de ass\u00e9dio sexual nos casos de suic\u00eddio da v\u00edtima.<\/p>\n<p>A proposta, apresentada pelo deputado Alex Santana (Republicanos-BA), est\u00e1 em an\u00e1lise na C\u00e2mara dos Deputados.<\/p>\n<p>Pelo texto, o ass\u00e9dio moral ser\u00e1 punido com <span class=\"termoGlossario\">deten\u00e7\u00e3o<\/span> de um a dois anos e multa. Se o crime resultar no suic\u00eddio da v\u00edtima, a pena ser\u00e1 <span class=\"termoGlossario\">reclus\u00e3o<\/span> de dois a seis anos.<\/p>\n<p>Por sua vez, se o ass\u00e9dio sexual resultar no suic\u00eddio da v\u00edtima, a pena tamb\u00e9m ser\u00e1 reclus\u00e3o de dois a seis anos. Atualmente, o crime de constranger algu\u00e9m com o intuito de obter vantagem ou favorecimento sexual, prevalecendo-se o agente da sua condi\u00e7\u00e3o de superior hier\u00e1rquico, \u00e9 punido com deten\u00e7\u00e3o de um a dois anos.<\/p>\n<p>Alex Santana observa que o suic\u00eddio \u00e9 um evento multidimensional, decorrente de uma complexa intera\u00e7\u00e3o entre fatores individuais e sociais, entre os quais podem se incluir fatores de natureza ocupacional.<\/p>\n<p>\u201cPor isso, consideramos importante alterar a legisla\u00e7\u00e3o penal para tipificar, de forma espec\u00edfica, o ass\u00e9dio moral, tendo em vista que esse tipo de conduta, caracterizada por humilha\u00e7\u00f5es, constrangimentos e intimida\u00e7\u00f5es, pode gerar graves consequ\u00eancias para a sa\u00fade mental e emocional das v\u00edtimas, como transtornos psicol\u00f3gicos, depress\u00e3o e, em casos extremos, o suic\u00eddio\u201d, afirma o parlamentar.<\/p>\n<p>Santana observa ainda que as penas sugeridas para os crimes, se resultarem em suic\u00eddio, s\u00e3o as mesmas j\u00e1 previstas no C\u00f3digo Penal para o induzimento, instiga\u00e7\u00e3o ou aux\u00edlio ao suic\u00eddio ou \u00e0 automutila\u00e7\u00e3o com resultado de morte. \u201cA reprovabilidade da conduta, nesses casos, justifica uma puni\u00e7\u00e3o mais severa.\u201d<\/p>\n<p><strong>Pr\u00f3ximos passos<\/strong><br \/>\nO projeto ser\u00e1 analisado pela Comiss\u00e3o de Constitui\u00e7\u00e3o e Justi\u00e7a e de Cidadania, antes de ser votado pelo Plen\u00e1rio da C\u00e2mara.<\/p>\n<p>Para virar lei, a medida precisa ser aprovada pelos deputados e pelos senadores.<\/p>\n<p><a href=\"https:\/\/www.camara.leg.br\/noticias\/573454-SAIBA-MAIS-SOBRE-A-TRAMITACAO-DE-PROJETOS-DE-LEI\">Saiba mais sobre a tramita\u00e7\u00e3o de projetos de lei<\/a><\/p>","protected":false},"excerpt":{"rendered":"<p>Renato Araujo\/C\u00e2mara dos Deputados Alex Santana, autor da proposta O Projeto de Lei 1080\/25 inclui no C\u00f3digo Penal\u00a0uma tipifica\u00e7\u00e3o espec\u00edfica para o ass\u00e9dio moral, ou seja, o ato de ofender a dignidade de algu\u00e9m, aproveitando-se da condi\u00e7\u00e3o de superior hier\u00e1rquico no emprego. O texto tamb\u00e9m cria formas qualificadas dos crimes de ass\u00e9dio moral e de [&hellip;]<\/p>\n","protected":false},"author":0,"featured_media":0,"comment_status":"open","ping_status":"open","sticky":false,"template":"","format":"standard","meta":{"footnotes":""},"categories":[1],"tags":[],"_links":{"self":[{"href":"https:\/\/jeffersonisac.adv.br\/index.php\/wp-json\/wp\/v2\/posts\/14379"}],"collection":[{"href":"https:\/\/jeffersonisac.adv.br\/index.php\/wp-json\/wp\/v2\/posts"}],"about":[{"href":"https:\/\/jeffersonisac.adv.br\/index.php\/wp-json\/wp\/v2\/types\/post"}],"replies":[{"embeddable":true,"href":"https:\/\/jeffersonisac.adv.br\/index.php\/wp-json\/wp\/v2\/comments?post=14379"}],"version-history":[{"count":0,"href":"https:\/\/jeffersonisac.adv.br\/index.php\/wp-json\/wp\/v2\/posts\/14379\/revisions"}],"wp:attachment":[{"href":"https:\/\/jeffersonisac.adv.br\/index.php\/wp-json\/wp\/v2\/media?parent=14379"}],"wp:term":[{"taxonomy":"category","embeddable":true,"href":"https:\/\/jeffersonisac.adv.br\/index.php\/wp-json\/wp\/v2\/categories?post=14379"},{"taxonomy":"post_tag","embeddable":true,"href":"https:\/\/jeffersonisac.adv.br\/index.php\/wp-json\/wp\/v2\/tags?post=14379"}],"curies":[{"name":"wp","href":"https:\/\/api.w.org\/{rel}","templated":true}]}}