{"id":14381,"date":"2025-11-26T11:24:27","date_gmt":"2025-11-26T14:24:27","guid":{"rendered":"https:\/\/jeffersonisac.adv.br\/index.php\/2025\/11\/26\/camara-homenageia-marcha-das-mulheres-negras-debatedoras-defendem-mais-representatividade\/"},"modified":"2025-11-26T11:24:27","modified_gmt":"2025-11-26T14:24:27","slug":"camara-homenageia-marcha-das-mulheres-negras-debatedoras-defendem-mais-representatividade","status":"publish","type":"post","link":"https:\/\/jeffersonisac.adv.br\/index.php\/2025\/11\/26\/camara-homenageia-marcha-das-mulheres-negras-debatedoras-defendem-mais-representatividade\/","title":{"rendered":"C\u00e2mara homenageia Marcha das Mulheres Negras; debatedoras defendem mais representatividade"},"content":{"rendered":"<div class=\"image-container\">\n<div class=\"midia-creditos\"><em>Kayo Magalh\u00e3es\/C\u00e2mara dos Deputados<\/em><\/div>\n<div class=\"media-wrapper\"><\/div>\n<div class=\"midia-legenda\">Sess\u00e3o Solene foi presidida pela deputada Benedita da Silva<\/div>\n<\/div>\n<p>Deputadas e autoridades defenderam mais mulheres negras em espa\u00e7os de poder para uma sociedade mais justa. Afirma\u00e7\u00f5es neste sentido foram feitas nesta ter\u00e7a-feira (25), em sess\u00e3o solene da C\u00e2mara dos Deputados em homenagem \u00e0 2\u00aa Marcha das Mulheres Negras.<\/p>\n<p>Nesta edi\u00e7\u00e3o, a Marcha teve como tema \u201cRepara\u00e7\u00e3o e bem viver\u201d, com o objetivo de exigir repara\u00e7\u00e3o hist\u00f3rica em rela\u00e7\u00e3o \u00e0s desigualdades sociais e uma vida digna para todos.<\/p>\n<p>A sess\u00e3o no Plen\u00e1rio da C\u00e2mara foi presidida pela deputada Benedita da Silva (PT-RJ), primeira mulher negra eleita para a C\u00e2mara, em 1982, e deputada constituinte em 1988.<\/p>\n<p>A deputada Tal\u00edria Petrone (Psol-RJ), uma das parlamentares que sugeriu a homenagem, afirmou que a mulher negra representa a base de constru\u00e7\u00e3o do Brasil e que n\u00e3o \u00e9 poss\u00edvel falar em futuro sem pensar em mulheres negras ocupando espa\u00e7os de poder.<\/p>\n<p>\u201cN\u00e3o h\u00e1 reconstru\u00e7\u00e3o poss\u00edvel que n\u00e3o passe pelas m\u00e3os das mulheres negras. N\u00e3o h\u00e1 bem-viver poss\u00edvel que n\u00e3o passe pelas nossas m\u00e3os, porque, se \u00e9 verdade que a nossa exist\u00eancia nesse pa\u00eds \u00e9 uma exist\u00eancia em trag\u00e9dia, em dor, \u00e9 verdade tamb\u00e9m que n\u00e3o h\u00e1 pedra sobre pedra sem o nosso trabalho, for\u00e7a, ancestralidade, resist\u00eancia, ci\u00eancia. Sem os nossos saberes e culturas\u201d, afirmou.<\/p>\n<p>Tal\u00edria Petrone lembrou que as mulheres negras s\u00e3o as que mais sofrem com as desigualdades sociais, concentram os menores rendimentos, enfrentam condi\u00e7\u00f5es de trabalho mais precarizadas e sofrem mais viol\u00eancia, incluindo feminic\u00eddio.<\/p>\n<p><strong>Representatividade<br \/>\n<\/strong>A coordenadora da bancada feminina, Jack Rocha (PT-ES), tamb\u00e9m destacou a necessidade de aumentar a representatividade de mulheres negras para garantir o poder e a dignidade para toda a popula\u00e7\u00e3o. Para a deputada, a marcha representa a luta por um novo projeto de pa\u00eds.<\/p>\n<p>\u201c\u00c9 um projeto pol\u00edtico de pa\u00eds ocupar esse Plen\u00e1rio, fazer com que o or\u00e7amento nos caiba. \u00c9 um projeto pol\u00edtico de pa\u00eds, construir um Brasil antirracista, mas sobretudo que olhe para as mulheres negras com mais respeito, dignidade e com condi\u00e7\u00f5es de transformar a pol\u00edtica\u201d, defendeu.<\/p>\n<p>A ministra da Cultura, Margareth Menezes, acrescentou que as mulheres negras precisam ser vistas e respeitadas como cidad\u00e3s, com todos os seus direitos constitucionais garantidos.<\/p>\n<p>\u201cPorque n\u00f3s somos, fazemos parte da constru\u00e7\u00e3o dessa sociedade. Depois de 300 anos de escravid\u00e3o, a gente est\u00e1 sempre repetindo isso. Parece que n\u00e3o houve esse racismo estrutural, n\u00e3o se consegue perceber o que s\u00e3o 300 anos da vida de uma popula\u00e7\u00e3o. Essa repara\u00e7\u00e3o \u00e9 repara\u00e7\u00e3o devida do Estado brasileiro \u00e0s pessoas afrodescendentes desse pa\u00eds que colaboram de tantas formas\u201d, argumentou.<\/p>\n<p>Tamb\u00e9m participaram da sess\u00e3o as ministras dos Direitos Humanos e Cidadania, Maca\u00e9 Evaristo; da Igualdade Racial, Anielle Franco; e da Mulher, M\u00e1rcia Lopes, al\u00e9m de representantes de diversos movimentos sociais.<\/p>\n<p>A primeira marcha foi realizada em 2015 e contou com a presen\u00e7a de mais de 100 mil mulheres negras em Bras\u00edlia, em uma mobiliza\u00e7\u00e3o que denunciava o racismo, o sexismo e a viol\u00eancia.<\/p>","protected":false},"excerpt":{"rendered":"<p>Kayo Magalh\u00e3es\/C\u00e2mara dos Deputados Sess\u00e3o Solene foi presidida pela deputada Benedita da Silva Deputadas e autoridades defenderam mais mulheres negras em espa\u00e7os de poder para uma sociedade mais justa. Afirma\u00e7\u00f5es neste sentido foram feitas nesta ter\u00e7a-feira (25), em sess\u00e3o solene da C\u00e2mara dos Deputados em homenagem \u00e0 2\u00aa Marcha das Mulheres Negras. Nesta edi\u00e7\u00e3o, a [&hellip;]<\/p>\n","protected":false},"author":0,"featured_media":0,"comment_status":"open","ping_status":"open","sticky":false,"template":"","format":"standard","meta":{"footnotes":""},"categories":[1],"tags":[],"_links":{"self":[{"href":"https:\/\/jeffersonisac.adv.br\/index.php\/wp-json\/wp\/v2\/posts\/14381"}],"collection":[{"href":"https:\/\/jeffersonisac.adv.br\/index.php\/wp-json\/wp\/v2\/posts"}],"about":[{"href":"https:\/\/jeffersonisac.adv.br\/index.php\/wp-json\/wp\/v2\/types\/post"}],"replies":[{"embeddable":true,"href":"https:\/\/jeffersonisac.adv.br\/index.php\/wp-json\/wp\/v2\/comments?post=14381"}],"version-history":[{"count":0,"href":"https:\/\/jeffersonisac.adv.br\/index.php\/wp-json\/wp\/v2\/posts\/14381\/revisions"}],"wp:attachment":[{"href":"https:\/\/jeffersonisac.adv.br\/index.php\/wp-json\/wp\/v2\/media?parent=14381"}],"wp:term":[{"taxonomy":"category","embeddable":true,"href":"https:\/\/jeffersonisac.adv.br\/index.php\/wp-json\/wp\/v2\/categories?post=14381"},{"taxonomy":"post_tag","embeddable":true,"href":"https:\/\/jeffersonisac.adv.br\/index.php\/wp-json\/wp\/v2\/tags?post=14381"}],"curies":[{"name":"wp","href":"https:\/\/api.w.org\/{rel}","templated":true}]}}