{"id":14382,"date":"2025-11-26T12:24:42","date_gmt":"2025-11-26T15:24:42","guid":{"rendered":"https:\/\/jeffersonisac.adv.br\/index.php\/2025\/11\/26\/comissao-aprova-projeto-de-piso-salarial-de-r-65-mil-para-farmaceuticos\/"},"modified":"2025-11-26T12:24:42","modified_gmt":"2025-11-26T15:24:42","slug":"comissao-aprova-projeto-de-piso-salarial-de-r-65-mil-para-farmaceuticos","status":"publish","type":"post","link":"https:\/\/jeffersonisac.adv.br\/index.php\/2025\/11\/26\/comissao-aprova-projeto-de-piso-salarial-de-r-65-mil-para-farmaceuticos\/","title":{"rendered":"Comiss\u00e3o aprova projeto de piso salarial de R$ 6,5 mil para farmac\u00eauticos"},"content":{"rendered":"<div class=\"image-container\">\n<div class=\"midia-creditos\"><em>Bruno Spada \/ C\u00e2mara dos Deputados<\/em><\/div>\n<div class=\"media-wrapper\"><\/div>\n<div class=\"midia-legenda\">Luiz Gast\u00e3o: valoriza\u00e7\u00e3o do farmac\u00eautico fortalecer\u00e1 a rede de aten\u00e7\u00e3o b\u00e1sica<\/div>\n<\/div>\n<p>A Comiss\u00e3o de Administra\u00e7\u00e3o e Servi\u00e7o P\u00fablico da C\u00e2mara dos Deputados aprovou projeto de lei que fixa em R$ 6,5 mil o piso salarial nacional para farmac\u00eauticos legalmente habilitados e no exerc\u00edcio da profiss\u00e3o.<\/p>\n<p>Por recomenda\u00e7\u00e3o do relator, deputado Luiz Gast\u00e3o (PSD-CE), foi aprovada a <a href=\"https:\/\/www.camara.leg.br\/noticias\/923799-EM-NOVA-VOTACAO,-COMISSAO-DE-SEGURIDADE-APROVA-PROJETO-DE-PISO-SALARIAL-DE-FARMACEUTICOS\">vers\u00e3o da ent\u00e3o Comiss\u00e3o de Seguridade Social e Fam\u00edlia<\/a> para o <a class=\"linkProposicao\" href=\"https:\/\/www.camara.leg.br\/noticias\/760086-proposta-estabelece-piso-salarial-de-r-65-mil-para-os-farmaceuticos\">Projeto de Lei 1559\/21<\/a>, do ex-deputado Andr\u00e9 Abdon (AP), e outras tr\u00eas iniciativas.<\/p>\n<p>\u201cA aus\u00eancia de um piso nacional hoje gera disparidades salariais entre regi\u00f5es e setores, compromete a atratividade da carreira e pode levar \u00e0 desvaloriza\u00e7\u00e3o de um trabalho que exige alta qualifica\u00e7\u00e3o t\u00e9cnica e cient\u00edfica\u201d, disse o relator.<\/p>\n<p>\u201cAl\u00e9m disso, a valoriza\u00e7\u00e3o do farmac\u00eautico fortalecer\u00e1 a rede de aten\u00e7\u00e3o b\u00e1sica, reduzir\u00e1 riscos associados ao uso inadequado de medicamentos e promover\u00e1 maior seguran\u00e7a para os pacientes\u201d, afirmou Luiz Gast\u00e3o no parecer aprovado.<\/p>\n<p><strong>Reajuste<\/strong><br \/>\nAssim que virar lei, o piso ser\u00e1 corrigido pela varia\u00e7\u00e3o do \u00cdndice Nacional de Pre\u00e7os ao Consumidor (<span class=\"termoGlossario\">INPC<\/span>) acumulado desde junho de 2022. A partir da\u00ed, os reajustes ser\u00e3o anuais, sempre pelo INPC.<\/p>\n<p>O piso salarial entrar\u00e1 em vigor imediatamente, assegurada a manuten\u00e7\u00e3o das remunera\u00e7\u00f5es vigentes superiores a ele. Haver\u00e1 um adicional de 10% do piso para o farmac\u00eautico designado respons\u00e1vel t\u00e9cnico de um estabelecimento.<\/p>\n<p><strong>Pr\u00f3ximos passos<\/strong><br \/>\nO projeto tramita em <span class=\"termoGlossario\">car\u00e1ter conclusivo<\/span> e ainda ser\u00e1 analisado pelas comiss\u00f5es de Finan\u00e7as e Tributa\u00e7\u00e3o; e de Constitui\u00e7\u00e3o e Justi\u00e7a e de Cidadania.<\/p>\n<p>Para virar lei, ter\u00e1 de ser aprovado pela C\u00e2mara e pelo Senado.<\/p>\n<p><a href=\"https:\/\/www.camara.leg.br\/noticias\/573454-SAIBA-MAIS-SOBRE-A-TRAMITACAO-DE-PROJETOS-DE-LEI\">Saiba mais sobre a tramita\u00e7\u00e3o de projetos de lei<\/a><\/p>","protected":false},"excerpt":{"rendered":"<p>Bruno Spada \/ C\u00e2mara dos Deputados Luiz Gast\u00e3o: valoriza\u00e7\u00e3o do farmac\u00eautico fortalecer\u00e1 a rede de aten\u00e7\u00e3o b\u00e1sica A Comiss\u00e3o de Administra\u00e7\u00e3o e Servi\u00e7o P\u00fablico da C\u00e2mara dos Deputados aprovou projeto de lei que fixa em R$ 6,5 mil o piso salarial nacional para farmac\u00eauticos legalmente habilitados e no exerc\u00edcio da profiss\u00e3o. Por recomenda\u00e7\u00e3o do relator, [&hellip;]<\/p>\n","protected":false},"author":0,"featured_media":0,"comment_status":"open","ping_status":"open","sticky":false,"template":"","format":"standard","meta":{"footnotes":""},"categories":[1],"tags":[],"_links":{"self":[{"href":"https:\/\/jeffersonisac.adv.br\/index.php\/wp-json\/wp\/v2\/posts\/14382"}],"collection":[{"href":"https:\/\/jeffersonisac.adv.br\/index.php\/wp-json\/wp\/v2\/posts"}],"about":[{"href":"https:\/\/jeffersonisac.adv.br\/index.php\/wp-json\/wp\/v2\/types\/post"}],"replies":[{"embeddable":true,"href":"https:\/\/jeffersonisac.adv.br\/index.php\/wp-json\/wp\/v2\/comments?post=14382"}],"version-history":[{"count":0,"href":"https:\/\/jeffersonisac.adv.br\/index.php\/wp-json\/wp\/v2\/posts\/14382\/revisions"}],"wp:attachment":[{"href":"https:\/\/jeffersonisac.adv.br\/index.php\/wp-json\/wp\/v2\/media?parent=14382"}],"wp:term":[{"taxonomy":"category","embeddable":true,"href":"https:\/\/jeffersonisac.adv.br\/index.php\/wp-json\/wp\/v2\/categories?post=14382"},{"taxonomy":"post_tag","embeddable":true,"href":"https:\/\/jeffersonisac.adv.br\/index.php\/wp-json\/wp\/v2\/tags?post=14382"}],"curies":[{"name":"wp","href":"https:\/\/api.w.org\/{rel}","templated":true}]}}