{"id":14384,"date":"2025-11-26T13:24:29","date_gmt":"2025-11-26T16:24:29","guid":{"rendered":"https:\/\/jeffersonisac.adv.br\/index.php\/2025\/11\/26\/comissao-aprova-projeto-que-preve-multa-para-veiculo-estacionado-em-acesso-para-pessoa-com-deficiencia\/"},"modified":"2025-11-26T13:24:29","modified_gmt":"2025-11-26T16:24:29","slug":"comissao-aprova-projeto-que-preve-multa-para-veiculo-estacionado-em-acesso-para-pessoa-com-deficiencia","status":"publish","type":"post","link":"https:\/\/jeffersonisac.adv.br\/index.php\/2025\/11\/26\/comissao-aprova-projeto-que-preve-multa-para-veiculo-estacionado-em-acesso-para-pessoa-com-deficiencia\/","title":{"rendered":"Comiss\u00e3o aprova projeto que prev\u00ea multa para ve\u00edculo estacionado em acesso para pessoa com defici\u00eancia"},"content":{"rendered":"<div class=\"image-container\">\n<div class=\"midia-creditos\"><em>Kayo Magalh\u00e3es \/ C\u00e2mara dos Deputados<\/em><\/div>\n<div class=\"media-wrapper\"><\/div>\n<div class=\"midia-legenda\">Mersinho Lucena, relator da proposta<\/div>\n<\/div>\n<p>A Comiss\u00e3o de Constitui\u00e7\u00e3o e Justi\u00e7a e de Cidadania da C\u00e2mara dos Deputados aprovou projeto de lei que prev\u00ea multa para quem estacionar ve\u00edculos em acessos reservados a pessoas com defici\u00eancia ou mobilidade reduzida. O infrator poder\u00e1 ter o carro guinchado.<\/p>\n<p>O texto aprovado altera o <a href=\"https:\/\/www2.camara.leg.br\/legin\/fed\/lei\/1997\/lei-9503-23-setembro-1997-372348-norma-pl.html\">C\u00f3digo de Tr\u00e2nsito Brasileiro (CTB)<\/a>. Hoje, o c\u00f3digo j\u00e1 determina que ser\u00e3o multados os ve\u00edculos estacionados onde houver faixa de pedestre ou guia de cal\u00e7ada rebaixada destinada \u00e0 entrada ou sa\u00edda de ve\u00edculos.<\/p>\n<p>Por recomenda\u00e7\u00e3o do relator, deputado Mersinho Lucena (PP-PB), foi aprovada a vers\u00e3o elaborada por comiss\u00f5es da C\u00e2mara para o <a class=\"linkProposicao\" href=\"https:\/\/www.camara.leg.br\/noticias\/719289-projeto-permite-uso-de-recursos-das-multas-de-transito-em-obras-de-acessibilidade-em-vias-publicas\">Projeto de Lei 4937\/20<\/a>, do Senado. O relator ajustou a reda\u00e7\u00e3o, devido a mudan\u00e7as recentes no CTB.<\/p>\n<p><strong>Acessibilidade<\/strong><br \/>\nA arrecada\u00e7\u00e3o com as multas poder\u00e1 financiar obras e projetos de acessibilidade. Hoje, a receita \u00e9 aplicada exclusivamente em sinaliza\u00e7\u00e3o, engenharia de tr\u00e1fego, de campo, policiamento, fiscaliza\u00e7\u00e3o e educa\u00e7\u00e3o de tr\u00e2nsito.<\/p>\n<p><strong>Pr\u00f3ximos passos<\/strong><br \/>\nA proposta ainda ser\u00e1 analisada pelo Plen\u00e1rio.<\/p>\n<p>Para virar lei, ter\u00e1 de ser aprovado pela C\u00e2mara e pelo Senado.<\/p>\n<p><a href=\"https:\/\/www.camara.leg.br\/noticias\/573454-SAIBA-MAIS-SOBRE-A-TRAMITACAO-DE-PROJETOS-DE-LEI\">Saiba mais sobre a tramita\u00e7\u00e3o de projetos de lei<\/a><\/p>","protected":false},"excerpt":{"rendered":"<p>Kayo Magalh\u00e3es \/ C\u00e2mara dos Deputados Mersinho Lucena, relator da proposta A Comiss\u00e3o de Constitui\u00e7\u00e3o e Justi\u00e7a e de Cidadania da C\u00e2mara dos Deputados aprovou projeto de lei que prev\u00ea multa para quem estacionar ve\u00edculos em acessos reservados a pessoas com defici\u00eancia ou mobilidade reduzida. O infrator poder\u00e1 ter o carro guinchado. O texto aprovado [&hellip;]<\/p>\n","protected":false},"author":0,"featured_media":0,"comment_status":"open","ping_status":"open","sticky":false,"template":"","format":"standard","meta":{"footnotes":""},"categories":[1],"tags":[],"_links":{"self":[{"href":"https:\/\/jeffersonisac.adv.br\/index.php\/wp-json\/wp\/v2\/posts\/14384"}],"collection":[{"href":"https:\/\/jeffersonisac.adv.br\/index.php\/wp-json\/wp\/v2\/posts"}],"about":[{"href":"https:\/\/jeffersonisac.adv.br\/index.php\/wp-json\/wp\/v2\/types\/post"}],"replies":[{"embeddable":true,"href":"https:\/\/jeffersonisac.adv.br\/index.php\/wp-json\/wp\/v2\/comments?post=14384"}],"version-history":[{"count":0,"href":"https:\/\/jeffersonisac.adv.br\/index.php\/wp-json\/wp\/v2\/posts\/14384\/revisions"}],"wp:attachment":[{"href":"https:\/\/jeffersonisac.adv.br\/index.php\/wp-json\/wp\/v2\/media?parent=14384"}],"wp:term":[{"taxonomy":"category","embeddable":true,"href":"https:\/\/jeffersonisac.adv.br\/index.php\/wp-json\/wp\/v2\/categories?post=14384"},{"taxonomy":"post_tag","embeddable":true,"href":"https:\/\/jeffersonisac.adv.br\/index.php\/wp-json\/wp\/v2\/tags?post=14384"}],"curies":[{"name":"wp","href":"https:\/\/api.w.org\/{rel}","templated":true}]}}