{"id":14385,"date":"2025-11-26T14:26:06","date_gmt":"2025-11-26T17:26:06","guid":{"rendered":"https:\/\/jeffersonisac.adv.br\/index.php\/2025\/11\/26\/medida-provisoria-abre-credito-orcamentario-para-apoiar-agricultura-familiar-afetada-por-tarifaco\/"},"modified":"2025-11-26T14:26:06","modified_gmt":"2025-11-26T17:26:06","slug":"medida-provisoria-abre-credito-orcamentario-para-apoiar-agricultura-familiar-afetada-por-tarifaco","status":"publish","type":"post","link":"https:\/\/jeffersonisac.adv.br\/index.php\/2025\/11\/26\/medida-provisoria-abre-credito-orcamentario-para-apoiar-agricultura-familiar-afetada-por-tarifaco\/","title":{"rendered":"Medida provis\u00f3ria abre cr\u00e9dito or\u00e7ament\u00e1rio para apoiar agricultura familiar afetada por tarifa\u00e7o"},"content":{"rendered":"<div class=\"image-container\">\n<div class=\"midia-creditos\"><em>Joel Rodrigues\/Ag\u00eancia Bras\u00edlia<\/em><\/div>\n<div class=\"media-wrapper\"><\/div>\n<div class=\"midia-legenda\">Medida pretende beneficiar cerca de 2 mil fam\u00edlias produtoras de mel<\/div>\n<\/div>\n<p>O Congresso Nacional analisa a Medida Provis\u00f3ria (MP) 1325\/25, que abre <span class=\"termoGlossario\">cr\u00e9dito extraordin\u00e1rio<\/span> no Or\u00e7amento de 2025 de R$ 190 milh\u00f5es para aquisi\u00e7\u00e3o de alimentos.<\/p>\n<p>O objetivo, segundo o governo, \u00e9 formar estoques para apoiar organiza\u00e7\u00f5es da agricultura familiar produtoras de mel, castanha de caju e castanha do Brasil, afetadas pelas tarifas adicionais sobre as exporta\u00e7\u00f5es brasileiras promovidas pelos Estados Unidos.<\/p>\n<p>Recentemente, a tarifa adicional de 40% foi retirada para as castanhas; mas o mel continua com 50%. Cerca de duas mil fam\u00edlias dever\u00e3o ser beneficiadas.<\/p>\n<p>Os recursos tamb\u00e9m ser\u00e3o usados para a aquisi\u00e7\u00e3o de milho pela Conab no Programa de Vendas em Balc\u00e3o. A ideia \u00e9 evitar desabastecimento no per\u00edodo de entressafra.<\/p>\n<p>\u201cGrande parte da \u00e1rea da Sudene foi severamente afetada pela estiagem, reduzindo a disponibilidade de forragem para alimenta\u00e7\u00e3o animal e comprometendo a produtividade das lavouras de milho\u201d, afirma a mensagem que acompanha a medida.<\/p>\n<p>A medida provis\u00f3ria ser\u00e1 analisada pela <span class=\"termoGlossario\">Comiss\u00e3o Mista de Or\u00e7amento<\/span> e, em seguida, pelos plen\u00e1rios da C\u00e2mara e do Senado.<\/p>\n<p><a href=\"https:\/\/www.camara.leg.br\/noticias\/573452-saiba-mais-sobre-a-tramitacao-de-mps\/\">Conhe\u00e7a a tramita\u00e7\u00e3o de medidas provis\u00f3rias<\/a><\/p>\n<p>\u00a0<\/p>","protected":false},"excerpt":{"rendered":"<p>Joel Rodrigues\/Ag\u00eancia Bras\u00edlia Medida pretende beneficiar cerca de 2 mil fam\u00edlias produtoras de mel O Congresso Nacional analisa a Medida Provis\u00f3ria (MP) 1325\/25, que abre cr\u00e9dito extraordin\u00e1rio no Or\u00e7amento de 2025 de R$ 190 milh\u00f5es para aquisi\u00e7\u00e3o de alimentos. O objetivo, segundo o governo, \u00e9 formar estoques para apoiar organiza\u00e7\u00f5es da agricultura familiar produtoras de [&hellip;]<\/p>\n","protected":false},"author":0,"featured_media":0,"comment_status":"open","ping_status":"open","sticky":false,"template":"","format":"standard","meta":{"footnotes":""},"categories":[1],"tags":[],"_links":{"self":[{"href":"https:\/\/jeffersonisac.adv.br\/index.php\/wp-json\/wp\/v2\/posts\/14385"}],"collection":[{"href":"https:\/\/jeffersonisac.adv.br\/index.php\/wp-json\/wp\/v2\/posts"}],"about":[{"href":"https:\/\/jeffersonisac.adv.br\/index.php\/wp-json\/wp\/v2\/types\/post"}],"replies":[{"embeddable":true,"href":"https:\/\/jeffersonisac.adv.br\/index.php\/wp-json\/wp\/v2\/comments?post=14385"}],"version-history":[{"count":0,"href":"https:\/\/jeffersonisac.adv.br\/index.php\/wp-json\/wp\/v2\/posts\/14385\/revisions"}],"wp:attachment":[{"href":"https:\/\/jeffersonisac.adv.br\/index.php\/wp-json\/wp\/v2\/media?parent=14385"}],"wp:term":[{"taxonomy":"category","embeddable":true,"href":"https:\/\/jeffersonisac.adv.br\/index.php\/wp-json\/wp\/v2\/categories?post=14385"},{"taxonomy":"post_tag","embeddable":true,"href":"https:\/\/jeffersonisac.adv.br\/index.php\/wp-json\/wp\/v2\/tags?post=14385"}],"curies":[{"name":"wp","href":"https:\/\/api.w.org\/{rel}","templated":true}]}}