{"id":14388,"date":"2025-11-26T14:26:07","date_gmt":"2025-11-26T17:26:07","guid":{"rendered":"https:\/\/jeffersonisac.adv.br\/index.php\/2025\/11\/26\/comissao-aprova-projeto-que-agrava-punicao-para-elo-com-criminosos-de-outros-paises\/"},"modified":"2025-11-26T14:26:07","modified_gmt":"2025-11-26T17:26:07","slug":"comissao-aprova-projeto-que-agrava-punicao-para-elo-com-criminosos-de-outros-paises","status":"publish","type":"post","link":"https:\/\/jeffersonisac.adv.br\/index.php\/2025\/11\/26\/comissao-aprova-projeto-que-agrava-punicao-para-elo-com-criminosos-de-outros-paises\/","title":{"rendered":"Comiss\u00e3o aprova projeto que agrava puni\u00e7\u00e3o para elo com criminosos de outros pa\u00edses"},"content":{"rendered":"<div class=\"image-container\">\n<div class=\"midia-creditos\"><em>Pablo Valadares\/C\u00e2mara dos Deputados<\/em><\/div>\n<div class=\"media-wrapper\"><\/div>\n<div class=\"midia-legenda\">Deputado Sargento Gon\u00e7alves, relator<\/div>\n<\/div>\n<p>A Comiss\u00e3o de Seguran\u00e7a P\u00fablica da C\u00e2mara dos Deputados aprovou o <a class=\"linkProposicao\" href=\"https:\/\/www.camara.leg.br\/noticias\/1226789-projeto-agrava-punicao-para-elo-com-criminosos-de-outros-paises-e-para-taticas-do-novo-cangaco\">Projeto de Lei 4025\/25<\/a>, que aumenta as penas para integrantes de associa\u00e7\u00f5es criminosas que mantenham v\u00ednculos internacionais com organiza\u00e7\u00f5es, grupos terroristas ou cart\u00e9is de drogas de outros pa\u00edses.<\/p>\n<p>A proposta aprovada tamb\u00e9m tipifica e agrava a puni\u00e7\u00e3o para condutas violentas praticadas por criminosos do chamado \u201cnovo canga\u00e7o\u201d, como o uso de escudos humanos e ataques a bases policiais.<\/p>\n<p>O relator, deputado Sargento Gon\u00e7alves (PL-RN), recomendou a aprova\u00e7\u00e3o do texto ap\u00f3s ajuste na reda\u00e7\u00e3o. \u201cA proposta tamb\u00e9m est\u00e1 em conson\u00e2ncia com os compromissos internacionais assumidos pelo Brasil\u201d, destacou o relator.<\/p>\n<p>\u201cA legisla\u00e7\u00e3o vigente, embora robusta, carece de dispositivos que tratem especificamente do agravamento penal para associa\u00e7\u00f5es criminosas com v\u00ednculos internacionais\u201d, afirmou o autor do projeto, deputado Capit\u00e3o Alden (PL-BA).<\/p>\n<p><strong>Mudan\u00e7as na lei<\/strong><br \/>\nA proposta altera o <a href=\"https:\/\/www2.camara.leg.br\/legin\/fed\/declei\/1940-1949\/decreto-lei-2848-7-dezembro-1940-412868-norma-pe.html\">C\u00f3digo Penal<\/a> e a <a href=\"https:\/\/www2.camara.leg.br\/legin\/fed\/lei\/2013\/lei-12850-2-agosto-2013-776714-norma-pl.html\">Lei de Organiza\u00e7\u00f5es Criminosas<\/a>. Pelo texto, a pena para associa\u00e7\u00e3o criminosa \u2013 atualmente de <span class=\"termoGlossario\">reclus\u00e3o<\/span>, de um a tr\u00eas anos \u2013 aumentar\u00e1 em dois ter\u00e7os se houver alguma conex\u00e3o com grupos estrangeiros.<\/p>\n<p>Al\u00e9m disso, o projeto cria agravantes para quem utilizar pessoas como escudo humano, realizar bloqueios de vias p\u00fablicas para impedir a a\u00e7\u00e3o policial, atacar infraestruturas estrat\u00e9gicas (como bancos e ve\u00edculos de valores) ou realizar execu\u00e7\u00f5es p\u00fablicas a fim de causar terror na popula\u00e7\u00e3o.<\/p>\n<p><strong>Pr\u00f3ximos passos<\/strong><br \/>\nO projeto tramita em <span class=\"termoGlossario\">car\u00e1ter conclusivo<\/span> e ainda ser\u00e1 analisado pela Comiss\u00e3o de Constitui\u00e7\u00e3o e Justi\u00e7a e de Cidadania. Para virar lei, ter\u00e1 de ser aprovado pela C\u00e2mara e pelo Senado.<\/p>\n<p><a href=\"https:\/\/www.camara.leg.br\/noticias\/573454-SAIBA-MAIS-SOBRE-A-TRAMITACAO-DE-PROJETOS-DE-LEI\">Saiba mais sobre a tramita\u00e7\u00e3o de projetos de lei<\/a><\/p>","protected":false},"excerpt":{"rendered":"<p>Pablo Valadares\/C\u00e2mara dos Deputados Deputado Sargento Gon\u00e7alves, relator A Comiss\u00e3o de Seguran\u00e7a P\u00fablica da C\u00e2mara dos Deputados aprovou o Projeto de Lei 4025\/25, que aumenta as penas para integrantes de associa\u00e7\u00f5es criminosas que mantenham v\u00ednculos internacionais com organiza\u00e7\u00f5es, grupos terroristas ou cart\u00e9is de drogas de outros pa\u00edses. A proposta aprovada tamb\u00e9m tipifica e agrava a [&hellip;]<\/p>\n","protected":false},"author":0,"featured_media":0,"comment_status":"open","ping_status":"open","sticky":false,"template":"","format":"standard","meta":{"footnotes":""},"categories":[1],"tags":[],"_links":{"self":[{"href":"https:\/\/jeffersonisac.adv.br\/index.php\/wp-json\/wp\/v2\/posts\/14388"}],"collection":[{"href":"https:\/\/jeffersonisac.adv.br\/index.php\/wp-json\/wp\/v2\/posts"}],"about":[{"href":"https:\/\/jeffersonisac.adv.br\/index.php\/wp-json\/wp\/v2\/types\/post"}],"replies":[{"embeddable":true,"href":"https:\/\/jeffersonisac.adv.br\/index.php\/wp-json\/wp\/v2\/comments?post=14388"}],"version-history":[{"count":0,"href":"https:\/\/jeffersonisac.adv.br\/index.php\/wp-json\/wp\/v2\/posts\/14388\/revisions"}],"wp:attachment":[{"href":"https:\/\/jeffersonisac.adv.br\/index.php\/wp-json\/wp\/v2\/media?parent=14388"}],"wp:term":[{"taxonomy":"category","embeddable":true,"href":"https:\/\/jeffersonisac.adv.br\/index.php\/wp-json\/wp\/v2\/categories?post=14388"},{"taxonomy":"post_tag","embeddable":true,"href":"https:\/\/jeffersonisac.adv.br\/index.php\/wp-json\/wp\/v2\/tags?post=14388"}],"curies":[{"name":"wp","href":"https:\/\/api.w.org\/{rel}","templated":true}]}}