{"id":14389,"date":"2025-11-26T14:26:07","date_gmt":"2025-11-26T17:26:07","guid":{"rendered":"https:\/\/jeffersonisac.adv.br\/index.php\/2025\/11\/26\/comissao-aprova-projeto-com-regras-para-prazo-de-suspensao-de-acoes-individuais-de-consumidores-2\/"},"modified":"2025-11-26T14:26:07","modified_gmt":"2025-11-26T17:26:07","slug":"comissao-aprova-projeto-com-regras-para-prazo-de-suspensao-de-acoes-individuais-de-consumidores-2","status":"publish","type":"post","link":"https:\/\/jeffersonisac.adv.br\/index.php\/2025\/11\/26\/comissao-aprova-projeto-com-regras-para-prazo-de-suspensao-de-acoes-individuais-de-consumidores-2\/","title":{"rendered":"Comiss\u00e3o aprova projeto com regras para prazo de suspens\u00e3o de a\u00e7\u00f5es individuais de consumidores"},"content":{"rendered":"<div class=\"image-container\">\n<div class=\"midia-creditos\"><em>Vinicius Loures \/ C\u00e2mara dos Deputados<\/em><\/div>\n<div class=\"media-wrapper\"><\/div>\n<div class=\"midia-legenda\">Ricardo Ayres, relator do projeto<\/div>\n<\/div>\n<p>A Comiss\u00e3o de Constitui\u00e7\u00e3o e Justi\u00e7a e de Cidadania da C\u00e2mara dos Deputados aprovou projeto de lei que estabelece regras para o prazo m\u00e1ximo de suspens\u00e3o dos processos individuais de consumidores na Justi\u00e7a.<\/p>\n<p>Como tramita em <span class=\"termoGlossario\">car\u00e1ter conclusivo<\/span>, a proposta poder\u00e1 seguir diretamente para o Senado, salvo se houver recurso para an\u00e1lise do Plen\u00e1rio da C\u00e2mara. Para virar lei, o texto final ter\u00e1 de ser aprovado pela C\u00e2mara e pelo Senado.<\/p>\n<p>O texto aprovado \u00e9 a vers\u00e3o do relator, deputado Ricardo Ayres (Republicanos-TO), para o <a class=\"linkProposicao\" href=\"https:\/\/www.camara.leg.br\/noticias\/1041857-proposta-estabelece-regras-para-prazo-de-suspensao-de-acoes-individuais-de-consumidores\">Projeto de Lei 188\/24<\/a>, do deputado Rubens Pereira J\u00fanior (PT-MA). O relator apresentou nova reda\u00e7\u00e3o, mantendo os objetivos da iniciativa original.<\/p>\n<p>\u201cA medida permite ao autor da demanda individual ponderar, conforme seus interesses, acerca da conveni\u00eancia de aguardar o julgamento da a\u00e7\u00e3o coletiva (gest\u00e3o do tempo), beneficiando-se ou n\u00e3o do resultado\u201d, analisou o relator.<\/p>\n<p><strong>Regra alterada<\/strong><br \/>\nComo o projeto original, o <span class=\"termoGlossario\">substitutivo<\/span> aprovado altera o <a href=\"https:\/\/www2.camara.leg.br\/legin\/fed\/lei\/1990\/lei-8078-11-setembro-1990-365086-norma-pl.html\">C\u00f3digo de Defesa do Consumidor<\/a>. Assim, determina que a a\u00e7\u00e3o individual voltar\u00e1 a tramitar:<\/p>\n<p>mediante pedido do autor, se houver urg\u00eancia ou ap\u00f3s o transcurso de tr\u00eas anos sem que haja julgamento definitivo da a\u00e7\u00e3o coletiva; e<br \/>\ndemonstrando-se que o autor da a\u00e7\u00e3o individual n\u00e3o \u00e9 membro do grupo que ajuizou a a\u00e7\u00e3o coletiva.<\/p>\n<p>Atualmente, o C\u00f3digo do Consumidor j\u00e1 permite que os autores de a\u00e7\u00f5es individuais solicitem a suspens\u00e3o de suas a\u00e7\u00f5es para aproveitar os efeitos de senten\u00e7as favor\u00e1veis de alguma a\u00e7\u00e3o coletiva sobre o mesmo assunto.<\/p>\n<p>Por outro lado, a lei hoje n\u00e3o prev\u00ea hip\u00f3teses em que as a\u00e7\u00f5es individuais voltem a tramitar. Segundo o deputado Rubens Pereira J\u00fanior, autor do projeto original, a regra \u00e9 prejudicial quando a a\u00e7\u00e3o coletiva passa muitos anos sem ser julgada.<\/p>\n<p><a href=\"https:\/\/www.camara.leg.br\/noticias\/573454-SAIBA-MAIS-SOBRE-A-TRAMITACAO-DE-PROJETOS-DE-LEI\">Saiba mais sobre a tramita\u00e7\u00e3o de projetos de lei<\/a><\/p>","protected":false},"excerpt":{"rendered":"<p>Vinicius Loures \/ C\u00e2mara dos Deputados Ricardo Ayres, relator do projeto A Comiss\u00e3o de Constitui\u00e7\u00e3o e Justi\u00e7a e de Cidadania da C\u00e2mara dos Deputados aprovou projeto de lei que estabelece regras para o prazo m\u00e1ximo de suspens\u00e3o dos processos individuais de consumidores na Justi\u00e7a. Como tramita em car\u00e1ter conclusivo, a proposta poder\u00e1 seguir diretamente para [&hellip;]<\/p>\n","protected":false},"author":0,"featured_media":0,"comment_status":"open","ping_status":"open","sticky":false,"template":"","format":"standard","meta":{"footnotes":""},"categories":[1],"tags":[],"_links":{"self":[{"href":"https:\/\/jeffersonisac.adv.br\/index.php\/wp-json\/wp\/v2\/posts\/14389"}],"collection":[{"href":"https:\/\/jeffersonisac.adv.br\/index.php\/wp-json\/wp\/v2\/posts"}],"about":[{"href":"https:\/\/jeffersonisac.adv.br\/index.php\/wp-json\/wp\/v2\/types\/post"}],"replies":[{"embeddable":true,"href":"https:\/\/jeffersonisac.adv.br\/index.php\/wp-json\/wp\/v2\/comments?post=14389"}],"version-history":[{"count":0,"href":"https:\/\/jeffersonisac.adv.br\/index.php\/wp-json\/wp\/v2\/posts\/14389\/revisions"}],"wp:attachment":[{"href":"https:\/\/jeffersonisac.adv.br\/index.php\/wp-json\/wp\/v2\/media?parent=14389"}],"wp:term":[{"taxonomy":"category","embeddable":true,"href":"https:\/\/jeffersonisac.adv.br\/index.php\/wp-json\/wp\/v2\/categories?post=14389"},{"taxonomy":"post_tag","embeddable":true,"href":"https:\/\/jeffersonisac.adv.br\/index.php\/wp-json\/wp\/v2\/tags?post=14389"}],"curies":[{"name":"wp","href":"https:\/\/api.w.org\/{rel}","templated":true}]}}