{"id":14392,"date":"2025-11-26T17:26:02","date_gmt":"2025-11-26T20:26:02","guid":{"rendered":"https:\/\/jeffersonisac.adv.br\/index.php\/2025\/11\/26\/plenario-analisa-proposta-que-modifica-regras-para-prisao-temporaria-acompanhe\/"},"modified":"2025-11-26T17:26:02","modified_gmt":"2025-11-26T20:26:02","slug":"plenario-analisa-proposta-que-modifica-regras-para-prisao-temporaria-acompanhe","status":"publish","type":"post","link":"https:\/\/jeffersonisac.adv.br\/index.php\/2025\/11\/26\/plenario-analisa-proposta-que-modifica-regras-para-prisao-temporaria-acompanhe\/","title":{"rendered":"Plen\u00e1rio analisa proposta que modifica regras para pris\u00e3o tempor\u00e1ria; acompanhe"},"content":{"rendered":"<div class=\"image-container\">\n<div class=\"midia-creditos\"><em>Kayo Magalh\u00e3es\/C\u00e2mara dos Deputados<\/em><\/div>\n<div class=\"media-wrapper\"><\/div>\n<div class=\"midia-legenda\">Deputados na sess\u00e3o do Plen\u00e1rio<\/div>\n<\/div>\n<p>A C\u00e2mara dos Deputados analisa agora o Projeto de Lei 4333\/25, do deputado Yury do Pared\u00e3o (MDB-CE), que aumenta de 5 para 15 dias o tempo da pris\u00e3o tempor\u00e1ria e prev\u00ea mais um caso de aplica\u00e7\u00e3o da pris\u00e3o em flagrante.<\/p>\n<p>De acordo com o substitutivo do deputado Delegado Fabio Costa (PP-AL), tamb\u00e9m muda o prazo para concluir o inqu\u00e9rito se o indiciado tiver sido preso em flagrante ou preventivamente. O prazo atual, de 10 dias, passa para 15 dias.<\/p>\n<p><a href=\"https:\/\/www.camara.leg.br\/evento-legislativo\/80517\">Assista \u00e0 sess\u00e3o<\/a><\/p>\n<p><strong>Mais informa\u00e7\u00f5es a seguir<\/strong><\/p>","protected":false},"excerpt":{"rendered":"<p>Kayo Magalh\u00e3es\/C\u00e2mara dos Deputados Deputados na sess\u00e3o do Plen\u00e1rio A C\u00e2mara dos Deputados analisa agora o Projeto de Lei 4333\/25, do deputado Yury do Pared\u00e3o (MDB-CE), que aumenta de 5 para 15 dias o tempo da pris\u00e3o tempor\u00e1ria e prev\u00ea mais um caso de aplica\u00e7\u00e3o da pris\u00e3o em flagrante. De acordo com o substitutivo do [&hellip;]<\/p>\n","protected":false},"author":0,"featured_media":0,"comment_status":"open","ping_status":"open","sticky":false,"template":"","format":"standard","meta":{"footnotes":""},"categories":[1],"tags":[],"_links":{"self":[{"href":"https:\/\/jeffersonisac.adv.br\/index.php\/wp-json\/wp\/v2\/posts\/14392"}],"collection":[{"href":"https:\/\/jeffersonisac.adv.br\/index.php\/wp-json\/wp\/v2\/posts"}],"about":[{"href":"https:\/\/jeffersonisac.adv.br\/index.php\/wp-json\/wp\/v2\/types\/post"}],"replies":[{"embeddable":true,"href":"https:\/\/jeffersonisac.adv.br\/index.php\/wp-json\/wp\/v2\/comments?post=14392"}],"version-history":[{"count":0,"href":"https:\/\/jeffersonisac.adv.br\/index.php\/wp-json\/wp\/v2\/posts\/14392\/revisions"}],"wp:attachment":[{"href":"https:\/\/jeffersonisac.adv.br\/index.php\/wp-json\/wp\/v2\/media?parent=14392"}],"wp:term":[{"taxonomy":"category","embeddable":true,"href":"https:\/\/jeffersonisac.adv.br\/index.php\/wp-json\/wp\/v2\/categories?post=14392"},{"taxonomy":"post_tag","embeddable":true,"href":"https:\/\/jeffersonisac.adv.br\/index.php\/wp-json\/wp\/v2\/tags?post=14392"}],"curies":[{"name":"wp","href":"https:\/\/api.w.org\/{rel}","templated":true}]}}