{"id":14395,"date":"2025-11-26T18:26:36","date_gmt":"2025-11-26T21:26:36","guid":{"rendered":"https:\/\/jeffersonisac.adv.br\/index.php\/2025\/11\/26\/cpmi-do-inss-ouve-contador-de-empresas-suspeitas-de-envolvimento-em-fraudes-contra-aposentados\/"},"modified":"2025-11-26T18:26:36","modified_gmt":"2025-11-26T21:26:36","slug":"cpmi-do-inss-ouve-contador-de-empresas-suspeitas-de-envolvimento-em-fraudes-contra-aposentados","status":"publish","type":"post","link":"https:\/\/jeffersonisac.adv.br\/index.php\/2025\/11\/26\/cpmi-do-inss-ouve-contador-de-empresas-suspeitas-de-envolvimento-em-fraudes-contra-aposentados\/","title":{"rendered":"CPMI do INSS ouve contador de empresas suspeitas de envolvimento em fraudes contra aposentados"},"content":{"rendered":"<div class=\"image-container\">\n<div class=\"midia-creditos\"><em>Bruno Spada\/C\u00e2mara dos Deputados<\/em><\/div>\n<div class=\"media-wrapper\"><\/div>\n<div class=\"midia-legenda\">Reuni\u00e3o da CPMI do INSS<\/div>\n<\/div>\n<p>A Comiss\u00e3o Parlamentar Mista de Inqu\u00e9rito (CPMI) do INSS ouve nesta quinta-feira (27), \u00e0s 9 horas, o contador Mauro Palombo Conc\u00edlio. Ele \u00e9 respons\u00e1vel pela contabilidade de diversas empresas que, segundo a CPMI, teriam recebido dezenas de milh\u00f5es de reais em repasses da Amar Brasil \u2014 entidade suspeita de envolvimento nas fraudes contra aposentados e pensionistas.<\/p>\n<p>Embora a Amar Brasil tivesse um conv\u00eanio com o INSS para realizar descontos de 2,5% mediante autoriza\u00e7\u00e3o de aposentados e pensionistas, investiga\u00e7\u00f5es da Pol\u00edcia Federal indicam que muitos descontos feitos por essa entidade ocorriam sem a concord\u00e2ncia dos segurados.<\/p>\n<p>Al\u00e9m disso, chamou a aten\u00e7\u00e3o dos parlamentares o fato de essas empresas terem sido criadas em dezembro de 2022, um m\u00eas ap\u00f3s a assinatura do acordo de coopera\u00e7\u00e3o t\u00e9cnica entre a Amar Brasil e o\u00a0INSS.<\/p>\n<p><a href=\"https:\/\/legis.senado.leg.br\/atividade\/comissoes\/comissao\/2794\/reuniao\/14283\">Veja a pauta completa<\/a><\/p>\n<p><strong>Requerimentos<\/strong><br \/>\nA CPMI do INSS tamb\u00e9m pode deliberar nesta quinta-feira sobre 479 requerimentos \u2014 que pedem convoca\u00e7\u00f5es, informa\u00e7\u00f5es e documentos de diversos \u00f3rg\u00e3os p\u00fablicos. As solicita\u00e7\u00f5es abrangem a Receita Federal, o Tribunal de Contas da Uni\u00e3o (TCU), a Advocacia-Geral da Uni\u00e3o (AGU), a Casa Civil da Presid\u00eancia da Rep\u00fablica e a Empresa de Tecnologia e Informa\u00e7\u00f5es da Previd\u00eancia (Dataprev), entre outras institui\u00e7\u00f5es.<\/p>\n<p>Entre os requerimentos est\u00e1 o REQ 1492\/2025, apresentado pelo senador Jorge Seif (PL-SC). Ele solicita \u00e0 Pol\u00edcia Federal a rela\u00e7\u00e3o de senadores e deputados federais implicados na Opera\u00e7\u00e3o Sem Desconto (que investiga essas fraudes) ou que constem como investigados em inqu\u00e9ritos relacionados a descontos indevidos em benef\u00edcios previdenci\u00e1rios.<\/p>\n<p>A reuni\u00e3o ser\u00e1 realizada na sala 2 da ala Nilo Coelho, no Senado Federal.<\/p>\n<p><a href=\"https:\/\/www12.senado.leg.br\/ecidadania\/visualizacaoaudiencia?id=36885\">A audi\u00eancia ser\u00e1 interativa, mande suas perguntas.\u00a0<\/a><\/p>\n<p>\u00a0<\/p>","protected":false},"excerpt":{"rendered":"<p>Bruno Spada\/C\u00e2mara dos Deputados Reuni\u00e3o da CPMI do INSS A Comiss\u00e3o Parlamentar Mista de Inqu\u00e9rito (CPMI) do INSS ouve nesta quinta-feira (27), \u00e0s 9 horas, o contador Mauro Palombo Conc\u00edlio. Ele \u00e9 respons\u00e1vel pela contabilidade de diversas empresas que, segundo a CPMI, teriam recebido dezenas de milh\u00f5es de reais em repasses da Amar Brasil \u2014 [&hellip;]<\/p>\n","protected":false},"author":0,"featured_media":0,"comment_status":"open","ping_status":"open","sticky":false,"template":"","format":"standard","meta":{"footnotes":""},"categories":[1],"tags":[],"_links":{"self":[{"href":"https:\/\/jeffersonisac.adv.br\/index.php\/wp-json\/wp\/v2\/posts\/14395"}],"collection":[{"href":"https:\/\/jeffersonisac.adv.br\/index.php\/wp-json\/wp\/v2\/posts"}],"about":[{"href":"https:\/\/jeffersonisac.adv.br\/index.php\/wp-json\/wp\/v2\/types\/post"}],"replies":[{"embeddable":true,"href":"https:\/\/jeffersonisac.adv.br\/index.php\/wp-json\/wp\/v2\/comments?post=14395"}],"version-history":[{"count":0,"href":"https:\/\/jeffersonisac.adv.br\/index.php\/wp-json\/wp\/v2\/posts\/14395\/revisions"}],"wp:attachment":[{"href":"https:\/\/jeffersonisac.adv.br\/index.php\/wp-json\/wp\/v2\/media?parent=14395"}],"wp:term":[{"taxonomy":"category","embeddable":true,"href":"https:\/\/jeffersonisac.adv.br\/index.php\/wp-json\/wp\/v2\/categories?post=14395"},{"taxonomy":"post_tag","embeddable":true,"href":"https:\/\/jeffersonisac.adv.br\/index.php\/wp-json\/wp\/v2\/tags?post=14395"}],"curies":[{"name":"wp","href":"https:\/\/api.w.org\/{rel}","templated":true}]}}