{"id":14397,"date":"2025-11-26T19:24:47","date_gmt":"2025-11-26T22:24:47","guid":{"rendered":"https:\/\/jeffersonisac.adv.br\/index.php\/2025\/11\/26\/conselho-de-etica-arquiva-representacao-contra-o-deputado-jose-medeiros\/"},"modified":"2025-11-26T19:24:47","modified_gmt":"2025-11-26T22:24:47","slug":"conselho-de-etica-arquiva-representacao-contra-o-deputado-jose-medeiros","status":"publish","type":"post","link":"https:\/\/jeffersonisac.adv.br\/index.php\/2025\/11\/26\/conselho-de-etica-arquiva-representacao-contra-o-deputado-jose-medeiros\/","title":{"rendered":"Conselho de \u00c9tica arquiva representa\u00e7\u00e3o contra o deputado Jos\u00e9 Medeiros"},"content":{"rendered":"<div class=\"image-container\">\n<div class=\"midia-creditos\"><em>Renato Ara\u00fajo\/C\u00e2mara dos Deputados<\/em><\/div>\n<div class=\"media-wrapper\"><\/div>\n<div class=\"midia-legenda\">Reuni\u00e3o do Conselho de \u00c9tica e Decoro Parlamentar<\/div>\n<\/div>\n<p>O <span class=\"termoGlossario\">Conselho de \u00c9tica e Decoro Parlamentar<\/span> da C\u00e2mara dos Deputados decidiu, nesta quarta-feira (26), arquivar <a href=\"https:\/\/www.camara.leg.br\/proposicoesWeb\/prop_mostrarintegra?codteor=2975455&amp;filename=REP%2018\/2025\">representa\u00e7\u00e3o<\/a> movida pelo Partido Socialismo e Liberdade (Psol) contra o deputado Jos\u00e9 Medeiros (PL-MT). O partido acusava o parlamentar de ter proferido falas ofensivas e de vi\u00e9s etarista contra o deputado Ivan Valente (Psol-SP) durante debates em sess\u00e3o plen\u00e1ria.<\/p>\n<p>Foi aprovado o relat\u00f3rio do deputado Josenildo (PDT-AP) pelo arquivamento. O relator justifica que as declara\u00e7\u00f5es est\u00e3o dentro do limite do confronto pol\u00edtico e do debate parlamentar, n\u00e3o configurando quebra de decoro. Segundo ele, o epis\u00f3dio n\u00e3o justificaria san\u00e7\u00e3o, uma vez que n\u00e3o teria havido ataque pessoal capaz de comprometer o exerc\u00edcio do mandato ou a dignidade do parlamentar ofendido.<\/p>\n<p>O deputado Chico Alencar (Psol-RJ) divergiu do parecer e apresentou <span class=\"termoGlossario\">voto em separado<\/span>, defendendo uma advert\u00eancia formal a Medeiros. Para Alencar, as falas extrapolaram o embate pol\u00edtico e caracterizaram conduta incompat\u00edvel com o decoro, refor\u00e7ando um ambiente de desrespeito no Parlamento. Ele argumentou que o Conselho deveria dar um sinal de reprova\u00e7\u00e3o, ainda que por meio da penalidade mais branda.<\/p>","protected":false},"excerpt":{"rendered":"<p>Renato Ara\u00fajo\/C\u00e2mara dos Deputados Reuni\u00e3o do Conselho de \u00c9tica e Decoro Parlamentar O Conselho de \u00c9tica e Decoro Parlamentar da C\u00e2mara dos Deputados decidiu, nesta quarta-feira (26), arquivar representa\u00e7\u00e3o movida pelo Partido Socialismo e Liberdade (Psol) contra o deputado Jos\u00e9 Medeiros (PL-MT). O partido acusava o parlamentar de ter proferido falas ofensivas e de vi\u00e9s [&hellip;]<\/p>\n","protected":false},"author":0,"featured_media":0,"comment_status":"open","ping_status":"open","sticky":false,"template":"","format":"standard","meta":{"footnotes":""},"categories":[1],"tags":[],"_links":{"self":[{"href":"https:\/\/jeffersonisac.adv.br\/index.php\/wp-json\/wp\/v2\/posts\/14397"}],"collection":[{"href":"https:\/\/jeffersonisac.adv.br\/index.php\/wp-json\/wp\/v2\/posts"}],"about":[{"href":"https:\/\/jeffersonisac.adv.br\/index.php\/wp-json\/wp\/v2\/types\/post"}],"replies":[{"embeddable":true,"href":"https:\/\/jeffersonisac.adv.br\/index.php\/wp-json\/wp\/v2\/comments?post=14397"}],"version-history":[{"count":0,"href":"https:\/\/jeffersonisac.adv.br\/index.php\/wp-json\/wp\/v2\/posts\/14397\/revisions"}],"wp:attachment":[{"href":"https:\/\/jeffersonisac.adv.br\/index.php\/wp-json\/wp\/v2\/media?parent=14397"}],"wp:term":[{"taxonomy":"category","embeddable":true,"href":"https:\/\/jeffersonisac.adv.br\/index.php\/wp-json\/wp\/v2\/categories?post=14397"},{"taxonomy":"post_tag","embeddable":true,"href":"https:\/\/jeffersonisac.adv.br\/index.php\/wp-json\/wp\/v2\/tags?post=14397"}],"curies":[{"name":"wp","href":"https:\/\/api.w.org\/{rel}","templated":true}]}}