{"id":14400,"date":"2025-11-26T22:25:17","date_gmt":"2025-11-27T01:25:17","guid":{"rendered":"https:\/\/jeffersonisac.adv.br\/index.php\/2025\/11\/26\/camara-aprova-atualizacao-de-norma-internacional-sobre-dano-por-poluicao-de-oleo\/"},"modified":"2025-11-26T22:25:17","modified_gmt":"2025-11-27T01:25:17","slug":"camara-aprova-atualizacao-de-norma-internacional-sobre-dano-por-poluicao-de-oleo","status":"publish","type":"post","link":"https:\/\/jeffersonisac.adv.br\/index.php\/2025\/11\/26\/camara-aprova-atualizacao-de-norma-internacional-sobre-dano-por-poluicao-de-oleo\/","title":{"rendered":"C\u00e2mara aprova atualiza\u00e7\u00e3o de norma internacional sobre dano por polui\u00e7\u00e3o de \u00f3leo"},"content":{"rendered":"<div class=\"image-container\">\n<div class=\"midia-creditos\"><em>Kayo Magalh\u00e3es\/C\u00e2mara dos Deputados<\/em><\/div>\n<div class=\"media-wrapper\"><\/div>\n<div class=\"midia-legenda\">Deputados na sess\u00e3o do Plen\u00e1rio desta quarta-feira<\/div>\n<\/div>\n<p>A C\u00e2mara dos Deputados aprovou proposta com atualiza\u00e7\u00f5es \u00e0 Conven\u00e7\u00e3o Internacional sobre Responsabilidade Civil por Danos Causados por Polui\u00e7\u00e3o por \u00d3leo. O texto segue para an\u00e1lise do Senado.<\/p>\n<p>Aprovado em Plen\u00e1rio nesta quarta-feira (26), o Projeto de Decreto Legislativo (PDL) 167\/25 traz o texto da Mensagem 1057\/24, do Poder Executivo. A conven\u00e7\u00e3o foi adotada em 1969 pela Organiza\u00e7\u00e3o Mar\u00edtima Internacional (IMO), ag\u00eancia das Na\u00e7\u00f5es Unidas respons\u00e1vel pela seguran\u00e7a da navega\u00e7\u00e3o e pela preven\u00e7\u00e3o da polui\u00e7\u00e3o marinha e atmosf\u00e9rica causada por navios.<\/p>\n<p>A norma surgiu em resposta ao desastre ambiental do petroleiro Torrey Canyon, que derramou aproximadamente 120 mil toneladas de \u00f3leo nas costas da Inglaterra e Fran\u00e7a em 1967.<\/p>\n<p><strong>Indeniza\u00e7\u00e3o<\/strong><br \/>\nEntre as atualiza\u00e7\u00f5es aprovadas est\u00e1 o protocolo de 1992, que aumentou os limites indenizat\u00f3rios de responsabilidade de propriet\u00e1rios de navios petroleiros nos casos de acidentes com polui\u00e7\u00e3o por derramamento de \u00f3leo.<\/p>\n<p>Al\u00e9m disso, ampliou a \u00e1rea que pode ser aplic\u00e1vel a responsabilidade civil nesse tipo de desastre ambiental at\u00e9 a Zona Econ\u00f4mica Exclusiva (ZEE), situada at\u00e9 370 km da costa, e n\u00e3o apenas at\u00e9 o mar territorial (22km da costa).<\/p>\n<p>O protocolo est\u00e1 em vigor para 144 pa\u00edses.<\/p>\n<p>Segundo o relator na Comiss\u00e3o de Constitui\u00e7\u00e3o e Justi\u00e7a e de Cidadania, deputado Alencar Santana (PT-SP), a ades\u00e3o \u00e0 conven\u00e7\u00e3o representa uma oportunidade, ainda que tardia, de alinhamento do Brasil aos padr\u00f5es internacionais de compensa\u00e7\u00e3o por dano ambiental. &#8220;Isso permitir\u00e1 fortalecer o sistema de defesa ambiental das zonas costeiras e mar\u00edtimas nacionais, na sua vertente de preven\u00e7\u00e3o, resposta e remedia\u00e7\u00e3o, e aumentar a resili\u00eancia das economias dessas regi\u00f5es&#8221;, afirmou.<\/p>\n<p><a href=\"https:\/\/www.camara.leg.br\/noticias\/573454-SAIBA-MAIS-SOBRE-A-TRAMITACAO-DE-PROJETOS-DE-LEI\">Saiba mais sobre a tramita\u00e7\u00e3o de projetos de lei<\/a><\/p>","protected":false},"excerpt":{"rendered":"<p>Kayo Magalh\u00e3es\/C\u00e2mara dos Deputados Deputados na sess\u00e3o do Plen\u00e1rio desta quarta-feira A C\u00e2mara dos Deputados aprovou proposta com atualiza\u00e7\u00f5es \u00e0 Conven\u00e7\u00e3o Internacional sobre Responsabilidade Civil por Danos Causados por Polui\u00e7\u00e3o por \u00d3leo. O texto segue para an\u00e1lise do Senado. Aprovado em Plen\u00e1rio nesta quarta-feira (26), o Projeto de Decreto Legislativo (PDL) 167\/25 traz o texto [&hellip;]<\/p>\n","protected":false},"author":0,"featured_media":0,"comment_status":"open","ping_status":"open","sticky":false,"template":"","format":"standard","meta":{"footnotes":""},"categories":[1],"tags":[],"_links":{"self":[{"href":"https:\/\/jeffersonisac.adv.br\/index.php\/wp-json\/wp\/v2\/posts\/14400"}],"collection":[{"href":"https:\/\/jeffersonisac.adv.br\/index.php\/wp-json\/wp\/v2\/posts"}],"about":[{"href":"https:\/\/jeffersonisac.adv.br\/index.php\/wp-json\/wp\/v2\/types\/post"}],"replies":[{"embeddable":true,"href":"https:\/\/jeffersonisac.adv.br\/index.php\/wp-json\/wp\/v2\/comments?post=14400"}],"version-history":[{"count":0,"href":"https:\/\/jeffersonisac.adv.br\/index.php\/wp-json\/wp\/v2\/posts\/14400\/revisions"}],"wp:attachment":[{"href":"https:\/\/jeffersonisac.adv.br\/index.php\/wp-json\/wp\/v2\/media?parent=14400"}],"wp:term":[{"taxonomy":"category","embeddable":true,"href":"https:\/\/jeffersonisac.adv.br\/index.php\/wp-json\/wp\/v2\/categories?post=14400"},{"taxonomy":"post_tag","embeddable":true,"href":"https:\/\/jeffersonisac.adv.br\/index.php\/wp-json\/wp\/v2\/tags?post=14400"}],"curies":[{"name":"wp","href":"https:\/\/api.w.org\/{rel}","templated":true}]}}