{"id":15434,"date":"2026-02-19T11:28:09","date_gmt":"2026-02-19T14:28:09","guid":{"rendered":"https:\/\/jeffersonisac.adv.br\/index.php\/2026\/02\/19\/projeto-isenta-desempregados-e-pessoas-de-baixa-renda-de-taxa-em-concursos-publicos\/"},"modified":"2026-02-19T11:28:09","modified_gmt":"2026-02-19T14:28:09","slug":"projeto-isenta-desempregados-e-pessoas-de-baixa-renda-de-taxa-em-concursos-publicos","status":"publish","type":"post","link":"https:\/\/jeffersonisac.adv.br\/index.php\/2026\/02\/19\/projeto-isenta-desempregados-e-pessoas-de-baixa-renda-de-taxa-em-concursos-publicos\/","title":{"rendered":"Projeto isenta desempregados e pessoas de baixa renda de taxa em concursos p\u00fablicos"},"content":{"rendered":"<div class=\"image-container\">\n<div class=\"midia-creditos\"><em>Kayo Magalh\u00e3es\/C\u00e2mara dos Deputados<\/em><\/div>\n<div class=\"media-wrapper\"><\/div>\n<div class=\"midia-legenda\">Duda Ramos: emprego p\u00fablico n\u00e3o deve ser privil\u00e9gio de quem pode pagar a inscri\u00e7\u00e3o<\/div>\n<\/div>\n<p>O Projeto de Lei 6782\/25 isenta candidatos desempregados ou com renda mensal de at\u00e9 dois sal\u00e1rios m\u00ednimos do pagamento da taxa de inscri\u00e7\u00e3o em concursos p\u00fablicos. A proposta est\u00e1 em an\u00e1lise na C\u00e2mara dos Deputados.<\/p>\n<p>A isen\u00e7\u00e3o se aplica a sele\u00e7\u00f5es de \u00f3rg\u00e3os federais, estaduais, municipais e do Distrito Federal.<\/p>\n<p>Para ter direito ao benef\u00edcio, o candidato deve estar sem emprego na data em que o edital do concurso for publicado. No crit\u00e9rio de renda, o limite de dois sal\u00e1rios m\u00ednimos considera o ganho individual ou a m\u00e9dia por pessoa da fam\u00edlia.<\/p>\n<p>Autor do projeto, o deputado Duda Ramos (MDB-RR) afirma que o acesso ao servi\u00e7o p\u00fablico deve ter como base o m\u00e9rito e n\u00e3o a condi\u00e7\u00e3o financeira.<\/p>\n<p>\u201cCargo ou emprego p\u00fablico n\u00e3o deve ser privil\u00e9gio de quem pode pagar, mas possibilidade de quem tem m\u00e9rito e disposi\u00e7\u00e3o\u201d, defende o parlamentar.<\/p>\n<p><strong>Regras para o pedido<\/strong><br \/>\nPelo texto, o candidato deve solicitar a isen\u00e7\u00e3o no momento da inscri\u00e7\u00e3o e apresentar os documentos exigidos.<\/p>\n<p>Caso o pedido seja negado sem uma justificativa baseada na lei ou no edital, a banca organizadora n\u00e3o poder\u00e1 cobrar a taxa do candidato.<\/p>\n<p>A proposta tamb\u00e9m pro\u00edbe a banca de exigir o valor da inscri\u00e7\u00e3o antes do prazo final para o pedido de isen\u00e7\u00e3o e de condicionar a posse ao pagamento da taxa.<\/p>\n<p>O descumprimento das medidas sujeita o infrator a puni\u00e7\u00f5es como advert\u00eancia, multa de at\u00e9 R$ 20 mil e obriga\u00e7\u00e3o de devolver em dobro os valores cobrados indevidamente.<\/p>\n<p><strong>Pr\u00f3ximas etapas<\/strong><br \/>\nA proposta tramita em <span class=\"termoGlossario\">car\u00e1ter conclusivo<\/span> e ser\u00e1 analisada pelas comiss\u00f5es de Administra\u00e7\u00e3o e Servi\u00e7o P\u00fablico; de Finan\u00e7as e Tributa\u00e7\u00e3o; e de Constitui\u00e7\u00e3o e Justi\u00e7a e de Cidadania.<\/p>\n<p>Para virar lei, precisa ser aprovada pela C\u00e2mara e pelo Senado.<\/p>\n<p><a href=\"https:\/\/www.camara.leg.br\/noticias\/573454-SAIBA-MAIS-SOBRE-A-TRAMITACAO-DE-PROJETOS-DE-LEI\">Saiba mais sobre a tramita\u00e7\u00e3o de projetos de lei<\/a><\/p>","protected":false},"excerpt":{"rendered":"<p>Kayo Magalh\u00e3es\/C\u00e2mara dos Deputados Duda Ramos: emprego p\u00fablico n\u00e3o deve ser privil\u00e9gio de quem pode pagar a inscri\u00e7\u00e3o O Projeto de Lei 6782\/25 isenta candidatos desempregados ou com renda mensal de at\u00e9 dois sal\u00e1rios m\u00ednimos do pagamento da taxa de inscri\u00e7\u00e3o em concursos p\u00fablicos. A proposta est\u00e1 em an\u00e1lise na C\u00e2mara dos Deputados. A isen\u00e7\u00e3o [&hellip;]<\/p>\n","protected":false},"author":0,"featured_media":0,"comment_status":"open","ping_status":"open","sticky":false,"template":"","format":"standard","meta":{"footnotes":""},"categories":[1],"tags":[],"_links":{"self":[{"href":"https:\/\/jeffersonisac.adv.br\/index.php\/wp-json\/wp\/v2\/posts\/15434"}],"collection":[{"href":"https:\/\/jeffersonisac.adv.br\/index.php\/wp-json\/wp\/v2\/posts"}],"about":[{"href":"https:\/\/jeffersonisac.adv.br\/index.php\/wp-json\/wp\/v2\/types\/post"}],"replies":[{"embeddable":true,"href":"https:\/\/jeffersonisac.adv.br\/index.php\/wp-json\/wp\/v2\/comments?post=15434"}],"version-history":[{"count":0,"href":"https:\/\/jeffersonisac.adv.br\/index.php\/wp-json\/wp\/v2\/posts\/15434\/revisions"}],"wp:attachment":[{"href":"https:\/\/jeffersonisac.adv.br\/index.php\/wp-json\/wp\/v2\/media?parent=15434"}],"wp:term":[{"taxonomy":"category","embeddable":true,"href":"https:\/\/jeffersonisac.adv.br\/index.php\/wp-json\/wp\/v2\/categories?post=15434"},{"taxonomy":"post_tag","embeddable":true,"href":"https:\/\/jeffersonisac.adv.br\/index.php\/wp-json\/wp\/v2\/tags?post=15434"}],"curies":[{"name":"wp","href":"https:\/\/api.w.org\/{rel}","templated":true}]}}