{"id":15435,"date":"2026-02-19T11:28:09","date_gmt":"2026-02-19T14:28:09","guid":{"rendered":"https:\/\/jeffersonisac.adv.br\/index.php\/2026\/02\/19\/projeto-cria-politica-nacional-para-incentivar-hortas-em-areas-urbanas\/"},"modified":"2026-02-19T11:28:09","modified_gmt":"2026-02-19T14:28:09","slug":"projeto-cria-politica-nacional-para-incentivar-hortas-em-areas-urbanas","status":"publish","type":"post","link":"https:\/\/jeffersonisac.adv.br\/index.php\/2026\/02\/19\/projeto-cria-politica-nacional-para-incentivar-hortas-em-areas-urbanas\/","title":{"rendered":"Projeto cria pol\u00edtica nacional para incentivar hortas em \u00e1reas urbanas"},"content":{"rendered":"<div class=\"image-container\">\n<div class=\"midia-creditos\"><em>M\u00e1rio Agra\/C\u00e2mara dos Deputados<\/em><\/div>\n<div class=\"media-wrapper\"><\/div>\n<div class=\"midia-legenda\">Ramos: medida barateia o pre\u00e7o dos alimentos e fortalece a economia local<\/div>\n<\/div>\n<p>O Projeto de Lei 6725\/25 cria a Pol\u00edtica Nacional de Apoio \u00e0 Produ\u00e7\u00e3o Alimentar de Proximidade para incentivar o cultivo de alimentos em \u00e1reas urbanas e periurbanas (no entorno das cidades). O objetivo \u00e9 aumentar a oferta de alimentos frescos e reduzir custos de transporte e comercializa\u00e7\u00e3o, especialmente em regi\u00f5es de dif\u00edcil abastecimento.<\/p>\n<p>A proposta, do deputado Duda Ramos (MDB-RR), estabelece mecanismos para facilitar a cria\u00e7\u00e3o de hortas comunit\u00e1rias e familiares em terrenos p\u00fablicos e privados ociosos. O texto tamb\u00e9m prev\u00ea a compra direta desses alimentos pelo poder p\u00fablico para abastecer escolas, hospitais e programas de assist\u00eancia social.<\/p>\n<p>Segundo o autor, a medida ajuda a combater a inseguran\u00e7a alimentar e gera renda para fam\u00edlias em situa\u00e7\u00e3o de vulnerabilidade. \u201cA produ\u00e7\u00e3o pr\u00f3xima ao consumidor final reduz o desperd\u00edcio, barateia o pre\u00e7o dos alimentos e fortalece a economia local\u201d, justifica o parlamentar.<\/p>\n<p>Entre as principais medidas previstas no projeto est\u00e3o:<\/p>\n<p>prioridade em linhas de cr\u00e9dito rural e assist\u00eancia t\u00e9cnica para produtores urbanos;<br \/>\nincentivo ao uso de terrenos p\u00fablicos sem uso para a produ\u00e7\u00e3o de alimentos;<br \/>\nest\u00edmulo ao uso de t\u00e9cnicas org\u00e2nicas e ao aproveitamento de \u00e1guas da chuva; e<br \/>\napoio \u00e0 cria\u00e7\u00e3o de feiras locais e redes de distribui\u00e7\u00e3o direta entre produtor e consumidor.<\/p>\n<p>Ter\u00e3o prioridade iniciativas desenvolvidas por agricultores familiares, associa\u00e7\u00f5es e cooperativas locais, al\u00e9m de mulheres, jovens e popula\u00e7\u00f5es em situa\u00e7\u00e3o de vulnerabilidade social.<\/p>\n<p><strong>Pr\u00f3ximas etapas<\/strong><br \/>\nA proposta ser\u00e1 analisada, em <span class=\"termoGlossario\">car\u00e1ter conclusivo<\/span>, pelas comiss\u00f5es de Agricultura, Pecu\u00e1ria, Abastecimento e Desenvolvimento Rural; Finan\u00e7as e Tributa\u00e7\u00e3o; e de Constitui\u00e7\u00e3o e Justi\u00e7a e de Cidadania.<\/p>\n<p>Para virar lei, precisa ser aprovada pela C\u00e2mara e pelo Senado.<\/p>\n<p><a href=\"https:\/\/www.camara.leg.br\/noticias\/573454-SAIBA-MAIS-SOBRE-A-TRAMITACAO-DE-PROJETOS-DE-LEI\">Saiba mais sobre a tramita\u00e7\u00e3o de projetos de lei<\/a><\/p>","protected":false},"excerpt":{"rendered":"<p>M\u00e1rio Agra\/C\u00e2mara dos Deputados Ramos: medida barateia o pre\u00e7o dos alimentos e fortalece a economia local O Projeto de Lei 6725\/25 cria a Pol\u00edtica Nacional de Apoio \u00e0 Produ\u00e7\u00e3o Alimentar de Proximidade para incentivar o cultivo de alimentos em \u00e1reas urbanas e periurbanas (no entorno das cidades). O objetivo \u00e9 aumentar a oferta de alimentos [&hellip;]<\/p>\n","protected":false},"author":0,"featured_media":0,"comment_status":"open","ping_status":"open","sticky":false,"template":"","format":"standard","meta":{"footnotes":""},"categories":[1],"tags":[],"_links":{"self":[{"href":"https:\/\/jeffersonisac.adv.br\/index.php\/wp-json\/wp\/v2\/posts\/15435"}],"collection":[{"href":"https:\/\/jeffersonisac.adv.br\/index.php\/wp-json\/wp\/v2\/posts"}],"about":[{"href":"https:\/\/jeffersonisac.adv.br\/index.php\/wp-json\/wp\/v2\/types\/post"}],"replies":[{"embeddable":true,"href":"https:\/\/jeffersonisac.adv.br\/index.php\/wp-json\/wp\/v2\/comments?post=15435"}],"version-history":[{"count":0,"href":"https:\/\/jeffersonisac.adv.br\/index.php\/wp-json\/wp\/v2\/posts\/15435\/revisions"}],"wp:attachment":[{"href":"https:\/\/jeffersonisac.adv.br\/index.php\/wp-json\/wp\/v2\/media?parent=15435"}],"wp:term":[{"taxonomy":"category","embeddable":true,"href":"https:\/\/jeffersonisac.adv.br\/index.php\/wp-json\/wp\/v2\/categories?post=15435"},{"taxonomy":"post_tag","embeddable":true,"href":"https:\/\/jeffersonisac.adv.br\/index.php\/wp-json\/wp\/v2\/tags?post=15435"}],"curies":[{"name":"wp","href":"https:\/\/api.w.org\/{rel}","templated":true}]}}