{"id":15440,"date":"2026-02-19T13:25:28","date_gmt":"2026-02-19T16:25:28","guid":{"rendered":"https:\/\/jeffersonisac.adv.br\/index.php\/2026\/02\/19\/relator-quer-enquadrar-exploracao-sexual-infantil-como-crime-de-organizacao-ouca-a-entrevista\/"},"modified":"2026-02-19T13:25:28","modified_gmt":"2026-02-19T16:25:28","slug":"relator-quer-enquadrar-exploracao-sexual-infantil-como-crime-de-organizacao-ouca-a-entrevista","status":"publish","type":"post","link":"https:\/\/jeffersonisac.adv.br\/index.php\/2026\/02\/19\/relator-quer-enquadrar-exploracao-sexual-infantil-como-crime-de-organizacao-ouca-a-entrevista\/","title":{"rendered":"Relator quer enquadrar explora\u00e7\u00e3o sexual infantil como crime de organiza\u00e7\u00e3o; ou\u00e7a a entrevista"},"content":{"rendered":"<div class=\"image-container\">\n<div class=\"midia-creditos\"><em>Kayo Magalh\u00e3es\/C\u00e2mara dos Deputados<\/em><\/div>\n<div class=\"media-wrapper\"><\/div>\n<div class=\"midia-legenda\">Capit\u00e3o Alden: a proposta tamb\u00e9m facilita a coopera\u00e7\u00e3o internacional<\/div>\n<\/div>\n<p>A C\u00e2mara dos Deputados analisa um projeto que reconhece a explora\u00e7\u00e3o sexual infantojuvenil como atividade t\u00edpica de organiza\u00e7\u00f5es criminosas (Projeto de Lei 4746\/25). Em entrevista \u00e0 <em>R\u00e1dio C\u00e2mara<\/em> nesta quinta-feira (19), o relator da proposta na Comiss\u00e3o de Seguran\u00e7a P\u00fablica, deputado Capit\u00e3o Alden (PL-BA), destacou os tr\u00eas eixos centrais do texto:<\/p>\n<p>reconhecer as redes de explora\u00e7\u00e3o sexual de crian\u00e7as e adolescentes como parte de organiza\u00e7\u00f5es criminosas;<br \/>\nprever expressamente a possibilidade de infiltrar agentes para investigar organiza\u00e7\u00f5es voltadas ao tr\u00e1fico e \u00e0 explora\u00e7\u00e3o sexual infantojuvenil, inclusive em ambientes virtuais; e<br \/>\nampliar medidas de prote\u00e7\u00e3o ao agente infiltrado e \u00e0 sua fam\u00edlia.<\/p>\n<p>\u201cExplora\u00e7\u00e3o sexual infantojuvenil n\u00e3o \u00e9 crime de esquina. \u00c9 uma rede estruturada, com aliciador, transportador, financiador, distribuidor de conte\u00fado, intermediador digital. Portanto, sem reconhecer isso como organiza\u00e7\u00e3o criminosa, o combate fica fragmentado&#8221;, argumentou Capit\u00e3o Alden.<\/p>\n<p><a href=\"https:\/\/www.camara.leg.br\/radio\/programas\/painel-eletronico\/1245810-deputado-capitao-alden-lei-precisa-tratar-exploracao-sexual-de-crianca-como-atividade-de-organizacao-criminosa\/\">Ou\u00e7a a \u00edntegra da entrevista de Capit\u00e3o Alden \u00e0 <em>R\u00e1dio C\u00e2mara<\/em><\/a><\/p>\n<p>&#8220;O que estamos fazendo \u00e9 atualizar o sistema penal para o mundo real. Crime organizado que explora a crian\u00e7a precisa ser tratado como crime organizado com todo o peso da lei. Esse projeto, portanto, endurece, protege quem investiga e fecha brechas.\u201d<\/p>\n<p><strong>Pr\u00f3ximos passos<\/strong><br \/>\n<a href=\"https:\/\/www.camara.leg.br\/noticias\/1244769-COMISSAO-APROVA-PROJETO-QUE-REFORCA-COMBATE-AO-TRAFICO-E-A-EXPLORACAO-SEXUAL-DE-CRIANCAS\">O projeto j\u00e1 foi aprovado na Comiss\u00e3o de Seguran\u00e7a P\u00fablica<\/a> e ainda precisa ser analisado pelas comiss\u00f5es de Previd\u00eancia e de Constitui\u00e7\u00e3o e Justi\u00e7a, antes de ir ao Plen\u00e1rio.<\/p>\n<p>Para virar lei, a proposta precisa ser aprovada pela C\u00e2mara e pelo Senado.<\/p>\n<p><a href=\"https:\/\/www.camara.leg.br\/noticias\/573454-SAIBA-MAIS-SOBRE-A-TRAMITACAO-DE-PROJETOS-DE-LEI\">Saiba mais sobre a tramita\u00e7\u00e3o de projetos de lei<\/a><\/p>","protected":false},"excerpt":{"rendered":"<p>Kayo Magalh\u00e3es\/C\u00e2mara dos Deputados Capit\u00e3o Alden: a proposta tamb\u00e9m facilita a coopera\u00e7\u00e3o internacional A C\u00e2mara dos Deputados analisa um projeto que reconhece a explora\u00e7\u00e3o sexual infantojuvenil como atividade t\u00edpica de organiza\u00e7\u00f5es criminosas (Projeto de Lei 4746\/25). Em entrevista \u00e0 R\u00e1dio C\u00e2mara nesta quinta-feira (19), o relator da proposta na Comiss\u00e3o de Seguran\u00e7a P\u00fablica, deputado Capit\u00e3o [&hellip;]<\/p>\n","protected":false},"author":0,"featured_media":0,"comment_status":"open","ping_status":"open","sticky":false,"template":"","format":"standard","meta":{"footnotes":""},"categories":[1],"tags":[],"_links":{"self":[{"href":"https:\/\/jeffersonisac.adv.br\/index.php\/wp-json\/wp\/v2\/posts\/15440"}],"collection":[{"href":"https:\/\/jeffersonisac.adv.br\/index.php\/wp-json\/wp\/v2\/posts"}],"about":[{"href":"https:\/\/jeffersonisac.adv.br\/index.php\/wp-json\/wp\/v2\/types\/post"}],"replies":[{"embeddable":true,"href":"https:\/\/jeffersonisac.adv.br\/index.php\/wp-json\/wp\/v2\/comments?post=15440"}],"version-history":[{"count":0,"href":"https:\/\/jeffersonisac.adv.br\/index.php\/wp-json\/wp\/v2\/posts\/15440\/revisions"}],"wp:attachment":[{"href":"https:\/\/jeffersonisac.adv.br\/index.php\/wp-json\/wp\/v2\/media?parent=15440"}],"wp:term":[{"taxonomy":"category","embeddable":true,"href":"https:\/\/jeffersonisac.adv.br\/index.php\/wp-json\/wp\/v2\/categories?post=15440"},{"taxonomy":"post_tag","embeddable":true,"href":"https:\/\/jeffersonisac.adv.br\/index.php\/wp-json\/wp\/v2\/tags?post=15440"}],"curies":[{"name":"wp","href":"https:\/\/api.w.org\/{rel}","templated":true}]}}