{"id":15441,"date":"2026-02-19T14:24:43","date_gmt":"2026-02-19T17:24:43","guid":{"rendered":"https:\/\/jeffersonisac.adv.br\/index.php\/2026\/02\/19\/projeto-permite-adiar-audiencia-apos-atraso-de-30-minutos\/"},"modified":"2026-02-19T14:24:43","modified_gmt":"2026-02-19T17:24:43","slug":"projeto-permite-adiar-audiencia-apos-atraso-de-30-minutos","status":"publish","type":"post","link":"https:\/\/jeffersonisac.adv.br\/index.php\/2026\/02\/19\/projeto-permite-adiar-audiencia-apos-atraso-de-30-minutos\/","title":{"rendered":"Projeto permite adiar audi\u00eancia ap\u00f3s atraso de 30 minutos"},"content":{"rendered":"<div class=\"image-container\">\n<div class=\"midia-creditos\"><em>Kayo Magalh\u00e3es\/C\u00e2mara dos Deputados<\/em><\/div>\n<div class=\"media-wrapper\"><\/div>\n<div class=\"midia-legenda\">Maur\u00edcio Marcon: o atraso excessivo compromete a efici\u00eancia do servi\u00e7o judici\u00e1rio<\/div>\n<\/div>\n<p>O Projeto de Lei 4917\/25, do deputado Mauricio Marcon (PL-RS), permite adiar audi\u00eancia do processo em caso de atraso de mais de 30 minutos, independentemente de justificativa. A decis\u00e3o ser\u00e1 feita pelo juiz ou a pedido de alguma das partes do processo.<\/p>\n<p>Atualmente, o <a href=\"https:\/\/www2.camara.leg.br\/legin\/fed\/lei\/2015\/lei-13105-16-marco-2015-780273-norma-pl.html\">C\u00f3digo de Processo Civil<\/a>\u00a0prev\u00ea que o adiamento aconte\u00e7a apenas se o atraso por mais de 30 minutos for injustificado. O projeto est\u00e1 em an\u00e1lise na C\u00e2mara dos Deputados.<\/p>\n<p>Segundo Marcon, a ideia \u00e9 n\u00e3o penalizar partes e procuradores, que normalmente t\u00eam outros compromissos, por atrasos da organiza\u00e7\u00e3o judici\u00e1ria, para assegurar maior previsibilidade, respeito ao tempo dos envolvidos e para garantir a efetividade do devido processo legal, da ampla defesa e do contradit\u00f3rio.<\/p>\n<p>&#8220;O atraso excessivo no in\u00edcio das audi\u00eancias compromete a efici\u00eancia do servi\u00e7o judici\u00e1rio e afronta os princ\u00edpios constitucionais da dura\u00e7\u00e3o razo\u00e1vel do processo e da dignidade da pessoa humana, j\u00e1 que imp\u00f5e \u00e0s partes constrangimentos, desgaste f\u00edsico e psicol\u00f3gico e custos adicionais&#8221;, afirmou o deputado.<\/p>\n<p><strong>Pr\u00f3ximos passos<\/strong><br \/>\nA proposta ser\u00e1 analisada, em <span class=\"termoGlossario\">car\u00e1ter conclusivo<\/span>, pela Comiss\u00e3o de Constitui\u00e7\u00e3o e Justi\u00e7a e de Cidadania.<\/p>\n<p>Para virar lei, precisa ser aprovada pela C\u00e2mara e pelo Senado.<\/p>\n<p><a href=\"https:\/\/www.camara.leg.br\/noticias\/573454-SAIBA-MAIS-SOBRE-A-TRAMITACAO-DE-PROJETOS-DE-LEI\">Saiba mais sobre a tramita\u00e7\u00e3o de projetos de lei<\/a><\/p>","protected":false},"excerpt":{"rendered":"<p>Kayo Magalh\u00e3es\/C\u00e2mara dos Deputados Maur\u00edcio Marcon: o atraso excessivo compromete a efici\u00eancia do servi\u00e7o judici\u00e1rio O Projeto de Lei 4917\/25, do deputado Mauricio Marcon (PL-RS), permite adiar audi\u00eancia do processo em caso de atraso de mais de 30 minutos, independentemente de justificativa. A decis\u00e3o ser\u00e1 feita pelo juiz ou a pedido de alguma das partes [&hellip;]<\/p>\n","protected":false},"author":0,"featured_media":0,"comment_status":"open","ping_status":"open","sticky":false,"template":"","format":"standard","meta":{"footnotes":""},"categories":[1],"tags":[],"_links":{"self":[{"href":"https:\/\/jeffersonisac.adv.br\/index.php\/wp-json\/wp\/v2\/posts\/15441"}],"collection":[{"href":"https:\/\/jeffersonisac.adv.br\/index.php\/wp-json\/wp\/v2\/posts"}],"about":[{"href":"https:\/\/jeffersonisac.adv.br\/index.php\/wp-json\/wp\/v2\/types\/post"}],"replies":[{"embeddable":true,"href":"https:\/\/jeffersonisac.adv.br\/index.php\/wp-json\/wp\/v2\/comments?post=15441"}],"version-history":[{"count":0,"href":"https:\/\/jeffersonisac.adv.br\/index.php\/wp-json\/wp\/v2\/posts\/15441\/revisions"}],"wp:attachment":[{"href":"https:\/\/jeffersonisac.adv.br\/index.php\/wp-json\/wp\/v2\/media?parent=15441"}],"wp:term":[{"taxonomy":"category","embeddable":true,"href":"https:\/\/jeffersonisac.adv.br\/index.php\/wp-json\/wp\/v2\/categories?post=15441"},{"taxonomy":"post_tag","embeddable":true,"href":"https:\/\/jeffersonisac.adv.br\/index.php\/wp-json\/wp\/v2\/tags?post=15441"}],"curies":[{"name":"wp","href":"https:\/\/api.w.org\/{rel}","templated":true}]}}