{"id":15442,"date":"2026-02-19T14:24:43","date_gmt":"2026-02-19T17:24:43","guid":{"rendered":"https:\/\/jeffersonisac.adv.br\/index.php\/2026\/02\/19\/projeto-obriga-emissoras-de-radio-e-tv-a-exibirem-campanhas-contra-bullying-e-cyberbullying\/"},"modified":"2026-02-19T14:24:43","modified_gmt":"2026-02-19T17:24:43","slug":"projeto-obriga-emissoras-de-radio-e-tv-a-exibirem-campanhas-contra-bullying-e-cyberbullying","status":"publish","type":"post","link":"https:\/\/jeffersonisac.adv.br\/index.php\/2026\/02\/19\/projeto-obriga-emissoras-de-radio-e-tv-a-exibirem-campanhas-contra-bullying-e-cyberbullying\/","title":{"rendered":"Projeto obriga emissoras de r\u00e1dio e TV a exibirem campanhas contra bullying e cyberbullying"},"content":{"rendered":"<div class=\"image-container\">\n<div class=\"midia-creditos\"><em>Mario Agra \/ C\u00e2mara dos Deputados<\/em><\/div>\n<div class=\"media-wrapper\"><\/div>\n<div class=\"midia-legenda\">Duda Ramos, autor da proposta<\/div>\n<\/div>\n<p>O Projeto de Lei 6768\/25 altera o <a href=\"https:\/\/www2.camara.leg.br\/legin\/fed\/lei\/1960-1969\/lei-4117-27-agosto-1962-353835-norma-pl.html\">C\u00f3digo Brasileiro de Telecomunica\u00e7\u00f5es<\/a> para obrigar emissoras de r\u00e1dio e televis\u00e3o a exibirem campanhas educativas permanentes de combate ao bullying e ao cyberbullying. A C\u00e2mara dos Deputados analisa a proposta.<\/p>\n<p>O texto prev\u00ea que as campanhas ser\u00e3o coordenadas pelo governo federal com o objetivo de promover o respeito e a cultura de paz e de divulgar canais para as v\u00edtimas apresentarem den\u00fancias.<\/p>\n<p><strong>Impactos sociais<\/strong><br \/>\nNa justificativa do projeto, o autor, deputado Duda Ramos (MDB-RR), destaca que o bullying e o cyberbullying v\u00eam afetando a sa\u00fade f\u00edsica e mental de adolescentes no Brasil. Citando dados de 2025 do F\u00f3rum Brasileiro de Seguran\u00e7a P\u00fablica, Ramos afirma que esse tipo de ocorr\u00eancia aumentou 245,6% naquele ano.<\/p>\n<p>\u201cEstudos relacionam bullying e cyberbullying ao aumento da evas\u00e3o escolar e \u00e0 queda no desempenho acad\u00eamico, com efeitos sobre a trajet\u00f3ria educacional e profissional dos jovens\u201d, argumentou o autor.<\/p>\n<p><strong>Pr\u00f3ximas etapas<\/strong><br \/>\nA proposta ser\u00e1 analisada, em <span class=\"termoGlossario\">car\u00e1ter conclusivo<\/span>, pelas comiss\u00f5es de Comunica\u00e7\u00e3o; e de Constitui\u00e7\u00e3o e Justi\u00e7a e de Cidadania.<\/p>\n<p>Para virar lei, o texto deve ser aprovado pela C\u00e2mara e pelo Senado.<\/p>\n<p><a href=\"https:\/\/www.camara.leg.br\/noticias\/573454-SAIBA-MAIS-SOBRE-A-TRAMITACAO-DE-PROJETOS-DE-LEI\">Saiba mais sobre a tramita\u00e7\u00e3o de projetos de lei<\/a><\/p>","protected":false},"excerpt":{"rendered":"<p>Mario Agra \/ C\u00e2mara dos Deputados Duda Ramos, autor da proposta O Projeto de Lei 6768\/25 altera o C\u00f3digo Brasileiro de Telecomunica\u00e7\u00f5es para obrigar emissoras de r\u00e1dio e televis\u00e3o a exibirem campanhas educativas permanentes de combate ao bullying e ao cyberbullying. A C\u00e2mara dos Deputados analisa a proposta. O texto prev\u00ea que as campanhas ser\u00e3o [&hellip;]<\/p>\n","protected":false},"author":0,"featured_media":0,"comment_status":"open","ping_status":"open","sticky":false,"template":"","format":"standard","meta":{"footnotes":""},"categories":[1],"tags":[],"_links":{"self":[{"href":"https:\/\/jeffersonisac.adv.br\/index.php\/wp-json\/wp\/v2\/posts\/15442"}],"collection":[{"href":"https:\/\/jeffersonisac.adv.br\/index.php\/wp-json\/wp\/v2\/posts"}],"about":[{"href":"https:\/\/jeffersonisac.adv.br\/index.php\/wp-json\/wp\/v2\/types\/post"}],"replies":[{"embeddable":true,"href":"https:\/\/jeffersonisac.adv.br\/index.php\/wp-json\/wp\/v2\/comments?post=15442"}],"version-history":[{"count":0,"href":"https:\/\/jeffersonisac.adv.br\/index.php\/wp-json\/wp\/v2\/posts\/15442\/revisions"}],"wp:attachment":[{"href":"https:\/\/jeffersonisac.adv.br\/index.php\/wp-json\/wp\/v2\/media?parent=15442"}],"wp:term":[{"taxonomy":"category","embeddable":true,"href":"https:\/\/jeffersonisac.adv.br\/index.php\/wp-json\/wp\/v2\/categories?post=15442"},{"taxonomy":"post_tag","embeddable":true,"href":"https:\/\/jeffersonisac.adv.br\/index.php\/wp-json\/wp\/v2\/tags?post=15442"}],"curies":[{"name":"wp","href":"https:\/\/api.w.org\/{rel}","templated":true}]}}