{"id":15444,"date":"2026-02-19T16:24:33","date_gmt":"2026-02-19T19:24:33","guid":{"rendered":"https:\/\/jeffersonisac.adv.br\/index.php\/2026\/02\/19\/sancionadas-com-vetos-as-leis-que-alteram-planos-de-carreira-da-camara-do-senado-e-do-tcu\/"},"modified":"2026-02-19T16:24:33","modified_gmt":"2026-02-19T19:24:33","slug":"sancionadas-com-vetos-as-leis-que-alteram-planos-de-carreira-da-camara-do-senado-e-do-tcu","status":"publish","type":"post","link":"https:\/\/jeffersonisac.adv.br\/index.php\/2026\/02\/19\/sancionadas-com-vetos-as-leis-que-alteram-planos-de-carreira-da-camara-do-senado-e-do-tcu\/","title":{"rendered":"Sancionadas com vetos as leis que alteram planos de carreira da C\u00e2mara, do Senado e do TCU"},"content":{"rendered":"<div class=\"image-container\">\n<div class=\"media-wrapper\"><\/div>\n<div class=\"midia-legenda\">Fachada do Congresso Nacional<\/div>\n<\/div>\n<p>O presidente Luiz In\u00e1cio Lula da Silva sancionou com vetos o Projeto de Lei 179\/26, que moderniza a carreira legislativa da C\u00e2mara dos Deputados. O projeto foi convertido na <a class=\"linkLegislacao\" href=\"https:\/\/www2.camara.gov.br\/legin\/fed\/lei\/2026\/lei-15349-17-fevereiro-2026-798713-norma-pl.html\">Lei 15.349\/26<\/a>, que reestrutura a remunera\u00e7\u00e3o dos servidores com base em crit\u00e9rios de desempenho, compet\u00eancias, metas, resultados, qualifica\u00e7\u00e3o, crescimento profissional e dedica\u00e7\u00e3o cont\u00ednua.<\/p>\n<p>Tamb\u00e9m foram sancionados com vetos o Projeto de Lei 6070\/25, que altera o Plano de Carreira dos Servidores do Senado Federal (convertido na <a class=\"linkLegislacao\" href=\"https:\/\/www2.camara.gov.br\/legin\/fed\/lei\/2026\/lei-15350-17-fevereiro-2026-798714-norma-pl.html\">Lei 15.350\/26<\/a>), e o Projeto de Lei 2829\/25, que modifica o plano de carreira do Tribunal de Contas da Uni\u00e3o (convertido na <a class=\"linkLegislacao\" href=\"https:\/\/www2.camara.gov.br\/legin\/fed\/lei\/2026\/lei-15351-17-fevereiro-2026-798715-norma-pl.html\">Lei 15.351\/26<\/a>).<\/p>\n<p>As tr\u00eas leis preveem reajuste salarial entre 8% e 9%, seguindo os mesmos par\u00e2metros aplicados aos servidores dos Poderes Executivo e Judici\u00e1rio. Os vetos s\u00e3o: cria\u00e7\u00e3o de licen\u00e7a compensat\u00f3ria para servidores em cargos estrat\u00e9gicos de dire\u00e7\u00e3o; reajustes escalonados posteriores a 2026, extrapolando o atual mandato do presidente da Rep\u00fablica; e f\u00f3rmula de c\u00e1lculo de parcela vari\u00e1vel de remunera\u00e7\u00e3o para aposentados e pensionistas.<\/p>\n<p>Na C\u00e2mara, o reajuste ser\u00e1 absorvido pelo pr\u00f3prio or\u00e7amento da Casa, sem necessidade de aumento na dota\u00e7\u00e3o or\u00e7ament\u00e1ria.<\/p>","protected":false},"excerpt":{"rendered":"<p>Fachada do Congresso Nacional O presidente Luiz In\u00e1cio Lula da Silva sancionou com vetos o Projeto de Lei 179\/26, que moderniza a carreira legislativa da C\u00e2mara dos Deputados. O projeto foi convertido na Lei 15.349\/26, que reestrutura a remunera\u00e7\u00e3o dos servidores com base em crit\u00e9rios de desempenho, compet\u00eancias, metas, resultados, qualifica\u00e7\u00e3o, crescimento profissional e dedica\u00e7\u00e3o [&hellip;]<\/p>\n","protected":false},"author":0,"featured_media":0,"comment_status":"open","ping_status":"open","sticky":false,"template":"","format":"standard","meta":{"footnotes":""},"categories":[1],"tags":[],"_links":{"self":[{"href":"https:\/\/jeffersonisac.adv.br\/index.php\/wp-json\/wp\/v2\/posts\/15444"}],"collection":[{"href":"https:\/\/jeffersonisac.adv.br\/index.php\/wp-json\/wp\/v2\/posts"}],"about":[{"href":"https:\/\/jeffersonisac.adv.br\/index.php\/wp-json\/wp\/v2\/types\/post"}],"replies":[{"embeddable":true,"href":"https:\/\/jeffersonisac.adv.br\/index.php\/wp-json\/wp\/v2\/comments?post=15444"}],"version-history":[{"count":0,"href":"https:\/\/jeffersonisac.adv.br\/index.php\/wp-json\/wp\/v2\/posts\/15444\/revisions"}],"wp:attachment":[{"href":"https:\/\/jeffersonisac.adv.br\/index.php\/wp-json\/wp\/v2\/media?parent=15444"}],"wp:term":[{"taxonomy":"category","embeddable":true,"href":"https:\/\/jeffersonisac.adv.br\/index.php\/wp-json\/wp\/v2\/categories?post=15444"},{"taxonomy":"post_tag","embeddable":true,"href":"https:\/\/jeffersonisac.adv.br\/index.php\/wp-json\/wp\/v2\/tags?post=15444"}],"curies":[{"name":"wp","href":"https:\/\/api.w.org\/{rel}","templated":true}]}}