{"id":15445,"date":"2026-02-19T17:25:48","date_gmt":"2026-02-19T20:25:48","guid":{"rendered":"https:\/\/jeffersonisac.adv.br\/index.php\/2026\/02\/19\/comissao-pode-votar-projeto-sobre-regulamentacao-do-trabalho-por-aplicativo-2\/"},"modified":"2026-02-19T17:25:48","modified_gmt":"2026-02-19T20:25:48","slug":"comissao-pode-votar-projeto-sobre-regulamentacao-do-trabalho-por-aplicativo-2","status":"publish","type":"post","link":"https:\/\/jeffersonisac.adv.br\/index.php\/2026\/02\/19\/comissao-pode-votar-projeto-sobre-regulamentacao-do-trabalho-por-aplicativo-2\/","title":{"rendered":"Comiss\u00e3o pode votar projeto sobre regulamenta\u00e7\u00e3o do trabalho por aplicativo"},"content":{"rendered":"<div class=\"image-container\">\n<div class=\"midia-creditos\"><em>Tomaz Silva\/Ag\u00eancia Brasil<\/em><\/div>\n<div class=\"media-wrapper\"><\/div>\n<div class=\"midia-legenda\">Projeto de Lei Complementar cria marco legal para o trabalho por aplicativos<\/div>\n<\/div>\n<p>A <span class=\"termoGlossario\">comiss\u00e3o especial<\/span> da C\u00e2mara dos Deputados que analisa a regulamenta\u00e7\u00e3o do trabalho por aplicativo realiza reuni\u00e3o na ter\u00e7a-feira (24) para discutir e votar o parecer do relator, deputado Augusto Coutinho (Republicanos-PE). A vota\u00e7\u00e3o ser\u00e1 \u00e0s 14h30, no plen\u00e1rio 7.<\/p>\n<p><a href=\"https:\/\/www.camara.leg.br\/evento-legislativo\/81038\">Veja a pauta<\/a><\/p>\n<p>A vota\u00e7\u00e3o estava prevista para dezembro, mas foi adiada. Os deputados argumentaram que precisariam de mais tempo para analisar as mudan\u00e7as sugeridas pelo relator ao <a class=\"linkProposicao\" href=\"https:\/\/www.camara.leg.br\/noticias\/1181948-projeto-cria-novo-marco-legal-do-transporte-individual-por-aplicativo-no-pais\">Projeto de Lei Complementar 152\/25<\/a>.<\/p>\n<p>O <span class=\"termoGlossario\">substitutivo<\/span> de Coutinho confirma que os trabalhadores de aplicativos ser\u00e3o reconhecidos como aut\u00f4nomos, afastando o v\u00ednculo empregat\u00edcio e garantindo que n\u00e3o sejam obrigados a aceitar servi\u00e7os ou a cumprir jornada determinada pela plataforma.<\/p>","protected":false},"excerpt":{"rendered":"<p>Tomaz Silva\/Ag\u00eancia Brasil Projeto de Lei Complementar cria marco legal para o trabalho por aplicativos A comiss\u00e3o especial da C\u00e2mara dos Deputados que analisa a regulamenta\u00e7\u00e3o do trabalho por aplicativo realiza reuni\u00e3o na ter\u00e7a-feira (24) para discutir e votar o parecer do relator, deputado Augusto Coutinho (Republicanos-PE). A vota\u00e7\u00e3o ser\u00e1 \u00e0s 14h30, no plen\u00e1rio 7. [&hellip;]<\/p>\n","protected":false},"author":0,"featured_media":0,"comment_status":"open","ping_status":"open","sticky":false,"template":"","format":"standard","meta":{"footnotes":""},"categories":[1],"tags":[],"_links":{"self":[{"href":"https:\/\/jeffersonisac.adv.br\/index.php\/wp-json\/wp\/v2\/posts\/15445"}],"collection":[{"href":"https:\/\/jeffersonisac.adv.br\/index.php\/wp-json\/wp\/v2\/posts"}],"about":[{"href":"https:\/\/jeffersonisac.adv.br\/index.php\/wp-json\/wp\/v2\/types\/post"}],"replies":[{"embeddable":true,"href":"https:\/\/jeffersonisac.adv.br\/index.php\/wp-json\/wp\/v2\/comments?post=15445"}],"version-history":[{"count":0,"href":"https:\/\/jeffersonisac.adv.br\/index.php\/wp-json\/wp\/v2\/posts\/15445\/revisions"}],"wp:attachment":[{"href":"https:\/\/jeffersonisac.adv.br\/index.php\/wp-json\/wp\/v2\/media?parent=15445"}],"wp:term":[{"taxonomy":"category","embeddable":true,"href":"https:\/\/jeffersonisac.adv.br\/index.php\/wp-json\/wp\/v2\/categories?post=15445"},{"taxonomy":"post_tag","embeddable":true,"href":"https:\/\/jeffersonisac.adv.br\/index.php\/wp-json\/wp\/v2\/tags?post=15445"}],"curies":[{"name":"wp","href":"https:\/\/api.w.org\/{rel}","templated":true}]}}