{"id":15448,"date":"2026-02-19T17:25:48","date_gmt":"2026-02-19T20:25:48","guid":{"rendered":"https:\/\/jeffersonisac.adv.br\/index.php\/2026\/02\/19\/comissao-debate-educacao-inclusiva-para-estudantes-com-deficiencia-visual-participe\/"},"modified":"2026-02-19T17:25:48","modified_gmt":"2026-02-19T20:25:48","slug":"comissao-debate-educacao-inclusiva-para-estudantes-com-deficiencia-visual-participe","status":"publish","type":"post","link":"https:\/\/jeffersonisac.adv.br\/index.php\/2026\/02\/19\/comissao-debate-educacao-inclusiva-para-estudantes-com-deficiencia-visual-participe\/","title":{"rendered":"Comiss\u00e3o debate educa\u00e7\u00e3o inclusiva para estudantes com defici\u00eancia visual; participe"},"content":{"rendered":"<div class=\"image-container\">\n<div class=\"midia-creditos\"><em>Paulo H Carvalho\/Ag\u00eancia Bras\u00edlia<\/em><\/div>\n<div class=\"media-wrapper\"><\/div>\n<div class=\"midia-legenda\">Audi\u00eancia debate acesso de estudantes com defici\u00eancia visual a material did\u00e1tico adaptado<\/div>\n<\/div>\n<p>A Comiss\u00e3o de Defesa dos Direitos das Pessoas com Defici\u00eancia realiza, nesta ter\u00e7a-feira (24), \u00e0s 13 horas, audi\u00eancia p\u00fablica para discutir as pol\u00edticas de educa\u00e7\u00e3o inclusiva voltadas a estudantes com defici\u00eancia visual. O debate ser\u00e1 no plen\u00e1rio 13.<\/p>\n<p><a href=\"https:\/\/www.camara.leg.br\/evento-legislativo\/81032\">A audi\u00eancia ser\u00e1 interativa; veja quem foi convidado e envie suas perguntas.<\/a><\/p>\n<p>O debate atende a pedido do deputado Rodrigo Rollemberg (PSB-DF). O objetivo \u00e9 esclarecer informa\u00e7\u00f5es recebidas pela comiss\u00e3o sobre dificuldades na disponibiliza\u00e7\u00e3o de livros did\u00e1ticos em Braille e em outros formatos acess\u00edveis no in\u00edcio do ano letivo de 2026, situa\u00e7\u00e3o que pode comprometer o direito \u00e0 aprendizagem de estudantes cegos ou com baixa vis\u00e3o.<\/p>\n<p>O parlamentar ressalta que a mat\u00e9ria possui \u201celevada relev\u00e2ncia constitucional e social\u201d, pois envolve:<\/p>\n<p>o direito fundamental \u00e0 educa\u00e7\u00e3o;<br \/>\na igualdade de condi\u00e7\u00f5es de acesso e perman\u00eancia na escola;<br \/>\nas obriga\u00e7\u00f5es constitucionais e legais de promo\u00e7\u00e3o da educa\u00e7\u00e3o inclusiva;<br \/>\na Lei Brasileira de Inclus\u00e3o, que imp\u00f5e acessibilidade educacional obrigat\u00f3ria.<\/p>\n<p>Rollemberg destaca ainda que a Secretaria de Educa\u00e7\u00e3o Continuada, Alfabetiza\u00e7\u00e3o de Jovens e Adultos, Diversidade e Inclus\u00e3o (Secadi), do Minist\u00e9rio da Educa\u00e7\u00e3o, por sua compet\u00eancia institucional, desempenha papel central na formula\u00e7\u00e3o, acompanhamento e garantia das pol\u00edticas de diversidade e inclus\u00e3o educacional.<\/p>","protected":false},"excerpt":{"rendered":"<p>Paulo H Carvalho\/Ag\u00eancia Bras\u00edlia Audi\u00eancia debate acesso de estudantes com defici\u00eancia visual a material did\u00e1tico adaptado A Comiss\u00e3o de Defesa dos Direitos das Pessoas com Defici\u00eancia realiza, nesta ter\u00e7a-feira (24), \u00e0s 13 horas, audi\u00eancia p\u00fablica para discutir as pol\u00edticas de educa\u00e7\u00e3o inclusiva voltadas a estudantes com defici\u00eancia visual. O debate ser\u00e1 no plen\u00e1rio 13. A [&hellip;]<\/p>\n","protected":false},"author":0,"featured_media":0,"comment_status":"open","ping_status":"open","sticky":false,"template":"","format":"standard","meta":{"footnotes":""},"categories":[1],"tags":[],"_links":{"self":[{"href":"https:\/\/jeffersonisac.adv.br\/index.php\/wp-json\/wp\/v2\/posts\/15448"}],"collection":[{"href":"https:\/\/jeffersonisac.adv.br\/index.php\/wp-json\/wp\/v2\/posts"}],"about":[{"href":"https:\/\/jeffersonisac.adv.br\/index.php\/wp-json\/wp\/v2\/types\/post"}],"replies":[{"embeddable":true,"href":"https:\/\/jeffersonisac.adv.br\/index.php\/wp-json\/wp\/v2\/comments?post=15448"}],"version-history":[{"count":0,"href":"https:\/\/jeffersonisac.adv.br\/index.php\/wp-json\/wp\/v2\/posts\/15448\/revisions"}],"wp:attachment":[{"href":"https:\/\/jeffersonisac.adv.br\/index.php\/wp-json\/wp\/v2\/media?parent=15448"}],"wp:term":[{"taxonomy":"category","embeddable":true,"href":"https:\/\/jeffersonisac.adv.br\/index.php\/wp-json\/wp\/v2\/categories?post=15448"},{"taxonomy":"post_tag","embeddable":true,"href":"https:\/\/jeffersonisac.adv.br\/index.php\/wp-json\/wp\/v2\/tags?post=15448"}],"curies":[{"name":"wp","href":"https:\/\/api.w.org\/{rel}","templated":true}]}}