{"id":15450,"date":"2026-02-19T18:25:04","date_gmt":"2026-02-19T21:25:04","guid":{"rendered":"https:\/\/jeffersonisac.adv.br\/index.php\/2026\/02\/19\/lei-torna-permanente-programa-gas-do-povo\/"},"modified":"2026-02-19T18:25:04","modified_gmt":"2026-02-19T21:25:04","slug":"lei-torna-permanente-programa-gas-do-povo","status":"publish","type":"post","link":"https:\/\/jeffersonisac.adv.br\/index.php\/2026\/02\/19\/lei-torna-permanente-programa-gas-do-povo\/","title":{"rendered":"Lei torna permanente programa G\u00e1s do Povo"},"content":{"rendered":"<div class=\"image-container\">\n<div class=\"midia-creditos\"><em>Gilson Abreu\/Ag\u00eancia de Not\u00edcias do Paran\u00e1<\/em><\/div>\n<div class=\"media-wrapper\"><\/div>\n<div class=\"midia-legenda\">Benefici\u00e1rios do aux\u00edlio g\u00e1s v\u00e3o migrar automaticamente para o novo programa<\/div>\n<\/div>\n<p>O programa G\u00e1s do Povo passou a ser uma pol\u00edtica p\u00fablica permanente no Brasil. Sancionada pelo presidente Luiz In\u00e1cio Lula da Silva na sexta-feira (13), a <a class=\"linkLegislacao\" href=\"https:\/\/www2.camara.gov.br\/legin\/fed\/lei\/2026\/lei-15348-13-fevereiro-2026-798716-norma-pl.html\">Lei 15.348\/26<\/a> assegura gratuidade na recarga do botij\u00e3o de g\u00e1s de cozinha de 13 quilos para fam\u00edlias inscritas no Cadastro \u00danico para Programas Sociais do Governo Federal (Cad\u00danico), desde que tenham renda per capita de at\u00e9 meio sal\u00e1rio m\u00ednimo.<\/p>\n<p>Para ser eleg\u00edvel, tamb\u00e9m \u00e9 necess\u00e1rio que o CPF da pessoa respons\u00e1vel pela fam\u00edlia esteja regularizado na Receita Federal e que o cadastro n\u00e3o apresente pend\u00eancias como Averigua\u00e7\u00e3o Cadastral ou ind\u00edcio de \u00f3bito do respons\u00e1vel familiar.\u00a0O programa prioriza fam\u00edlias benefici\u00e1rias do Bolsa Fam\u00edlia e aquelas com duas ou mais pessoas em sua composi\u00e7\u00e3o.<\/p>\n<p>Tamb\u00e9m t\u00eam prioridade fam\u00edlias em locais atingidos por desastres ou por situa\u00e7\u00e3o emergencial e com mulheres v\u00edtimas de viol\u00eancia dom\u00e9stica que estejam sob o monitoramento de medidas protetivas de urg\u00eancia ou pertencentes aos povos e comunidades tradicionais, como ind\u00edgenas e quilombolas. A quantidade de recargas anuais varia conforme o tamanho da fam\u00edlia.<\/p>\n<p><a href=\"https:\/\/www.camara.leg.br\/noticias\/1241909-GAS-DO-POVO:-MEDIDA-APROVADA-PREVE-INSTALACAO-DE-BIODIGESTORES-PARA-FAMILIAS-DE-AREAS-RURAIS\">Medida aprovada prev\u00ea instala\u00e7\u00e3o de biodigestores para fam\u00edlias de \u00e1reas rurais<\/a><\/p>\n<p>A lei tem o objetivo de ajudar no enfrentamento da pobreza de fam\u00edlias de baixa renda, sobretudo na dificuldade de acesso ao g\u00e1s liquefeito de petr\u00f3leo (GLP), popularmente conhecido como g\u00e1s de cozinha. Al\u00e9m da gratuidade, a nova lei \u00e9 o prev\u00ea instala\u00e7\u00e3o de biodigestores, voltados sobretudo a \u00e1reas rurais e contextos espec\u00edficos, como solu\u00e7\u00e3o estruturante e de baixa emiss\u00e3o de carbono para o enfrentamento permanente da pobreza energ\u00e9tica.<\/p>\n<p>A norma prev\u00ea a cria\u00e7\u00e3o de comit\u00ea gestor permanente, a ser coordenado pelo Minist\u00e9rio do Desenvolvimento Social, al\u00e9m da participa\u00e7\u00e3o de diferentes atores p\u00fablicos e sociais e a publica\u00e7\u00e3o peri\u00f3dica de relat\u00f3rios de resultados, de modo a assegurar transpar\u00eancia e avalia\u00e7\u00e3o da efetividade das pol\u00edticas adotadas.<\/p>\n<p><strong>Acesso<\/strong><br \/>\nNo app\u00a0<a href=\"https:\/\/apps.apple.com\/br\/app\/meu-social-g%C3%A1s-do-povo\/id6754226503\" target=\"_blank\" rel=\"noopener\">Meu Social &#8211; G\u00e1s do Povo<\/a>, as fam\u00edlias podem verificar se est\u00e3o eleg\u00edveis, conferir a situa\u00e7\u00e3o do vale recarga e encontrar revendas credenciadas, al\u00e9m de telefones e endere\u00e7os de pontos credenciados.<\/p>\n<p>Para pessoas sem acesso \u00e0 internet ou celular, tamb\u00e9m \u00e9 poss\u00edvel usar o vale recarga por meio do cart\u00e3o do Programa Bolsa Fam\u00edlia (com chip) ou do cart\u00e3o de d\u00e9bito da Caixa Econ\u00f4mica Federal e informando o CPF do respons\u00e1vel familiar na m\u00e1quina do cart\u00e3o.<\/p>\n<p>Benefici\u00e1rios do Cad\u00danico podem consultar o direito ao vale recarga G\u00e1s do Povo pelos seguintes canais:<\/p>\n<p>aplicativo Meu Social \u2013 G\u00e1s do Povo;<br \/>\nconsulta do CPF do respons\u00e1vel familiar na p\u00e1gina do programa;<br \/>\nportal Cidad\u00e3o Caixa; e<br \/>\natendimento Caixa Cidad\u00e3o \u2013 0800 726 0207.<\/p>\n<p><strong>Vetos<\/strong><br \/>\nOriginada a partir da medida provis\u00f3ria (MP) 1313\/25, a nova legisla\u00e7\u00e3o teve alguns trechos vetados pelo presidente Lula. Um desses vetos foi \u00e0 parte que estabelece san\u00e7\u00f5es \u00e0 revenda credenciada que descumprir o regulamento do programa.<\/p>\n<p>O outro veto foi ao trecho que previa o uso do dinheiro obtido com multas por crimes ambientais como fonte de custeio do programa na modalidade de gratuidade.\u00a0De acordo com o Planalto, esse ponto contraria o interesse p\u00fablico ao determinar vincula\u00e7\u00e3o de receitas sem estabelecer cl\u00e1usula de vig\u00eancia. O governo alega ainda que a medida contraria o interesse p\u00fablico ao permitir o uso de recursos oriundos de multas e de termos de ajustamento de conduta ambientais para finalidade diversa daquela destinada \u00e0 repara\u00e7\u00e3o do dano ambiental, \u201co que configura ren\u00fancia \u00e0 recupera\u00e7\u00e3o ambiental\u201d.<\/p>\n<p>Tamb\u00e9m foi vetada a parte que disciplina a participa\u00e7\u00e3o de agentes no mecanismo concorrencial da C\u00e2mara de Comercializa\u00e7\u00e3o de Energia El\u00e9trica (CCEE) no programa. Segundo o Executivo, esse trecho \u00e9 \u201cestranho ao objeto origin\u00e1rio da medida provis\u00f3ria, de modo a violar o princ\u00edpio democr\u00e1tico e o devido processo legislativo, conforme decis\u00e3o do Supremo Tribunal Federal\u00a0(STF)\u201d.<\/p>\n<p>Os trechos vetados ser\u00e3o analisados pelo Congresso Nacional, que decidir\u00e1 por sua validade permanente ou pela eventual derrubada.<\/p>\n<p><strong>O que mudou<\/strong><br \/>\nEditada em setembro de 2025, a MP alterou a <a class=\"linkLegislacao\" href=\"https:\/\/www2.camara.gov.br\/legin\/fed\/lei\/2021\/lei-14237-19-novembro-2021-791974-norma-pl.html\">Lei 14.237\/21<\/a> e modificou a denomina\u00e7\u00e3o do Programa Aux\u00edlio G\u00e1s dos Brasileiros (PAGB) para G\u00e1s do Povo, instituindo nova operacionaliza\u00e7\u00e3o do aux\u00edlio g\u00e1s por meio da modalidade de gratuidade. Em outubro o governo editou, ent\u00e3o, o <a class=\"linkLegislacao\" href=\"https:\/\/www2.camara.gov.br\/legin\/fed\/decret\/2025\/decreto-12649-2-outubro-2025-798084-norma-pe.html\">Decreto 12.649\/25<\/a>, para regulamentar e estabelecer os crit\u00e9rios de elegibilidade, procedimentos e operacionaliza\u00e7\u00e3o do G\u00e1s do Povo. A MP foi aprovada no Congresso Nacional no come\u00e7o de fevereiro.<\/p>\n<p>As fam\u00edlias passam a receber o benef\u00edcio pela modalidade de gratuidade por meio do vale, que pode ser utilizado para fazer a recarga do botij\u00e3o de g\u00e1s de forma gratuita em qualquer revenda credenciada no pa\u00eds.<\/p>\n<p>Os benefici\u00e1rios do PAGB que recebiam o aux\u00edlio g\u00e1s na modalidade monet\u00e1ria e se mant\u00eam eleg\u00edveis migram automaticamente para o G\u00e1s do Povo, passando a receber o aux\u00edlio g\u00e1s somente na modalidade de gratuidade, por meio do vale.<\/p>\n<p>A estimativa do governo \u00e9 que 15 milh\u00f5es de fam\u00edlias ser\u00e3o atendidas.<\/p>\n<p>\u00a0<\/p>\n<div><\/div>\n<p>\u00a0<\/p>\n<p>\u00a0<\/p>","protected":false},"excerpt":{"rendered":"<p>Gilson Abreu\/Ag\u00eancia de Not\u00edcias do Paran\u00e1 Benefici\u00e1rios do aux\u00edlio g\u00e1s v\u00e3o migrar automaticamente para o novo programa O programa G\u00e1s do Povo passou a ser uma pol\u00edtica p\u00fablica permanente no Brasil. Sancionada pelo presidente Luiz In\u00e1cio Lula da Silva na sexta-feira (13), a Lei 15.348\/26 assegura gratuidade na recarga do botij\u00e3o de g\u00e1s de cozinha [&hellip;]<\/p>\n","protected":false},"author":0,"featured_media":0,"comment_status":"open","ping_status":"open","sticky":false,"template":"","format":"standard","meta":{"footnotes":""},"categories":[1],"tags":[],"_links":{"self":[{"href":"https:\/\/jeffersonisac.adv.br\/index.php\/wp-json\/wp\/v2\/posts\/15450"}],"collection":[{"href":"https:\/\/jeffersonisac.adv.br\/index.php\/wp-json\/wp\/v2\/posts"}],"about":[{"href":"https:\/\/jeffersonisac.adv.br\/index.php\/wp-json\/wp\/v2\/types\/post"}],"replies":[{"embeddable":true,"href":"https:\/\/jeffersonisac.adv.br\/index.php\/wp-json\/wp\/v2\/comments?post=15450"}],"version-history":[{"count":0,"href":"https:\/\/jeffersonisac.adv.br\/index.php\/wp-json\/wp\/v2\/posts\/15450\/revisions"}],"wp:attachment":[{"href":"https:\/\/jeffersonisac.adv.br\/index.php\/wp-json\/wp\/v2\/media?parent=15450"}],"wp:term":[{"taxonomy":"category","embeddable":true,"href":"https:\/\/jeffersonisac.adv.br\/index.php\/wp-json\/wp\/v2\/categories?post=15450"},{"taxonomy":"post_tag","embeddable":true,"href":"https:\/\/jeffersonisac.adv.br\/index.php\/wp-json\/wp\/v2\/tags?post=15450"}],"curies":[{"name":"wp","href":"https:\/\/api.w.org\/{rel}","templated":true}]}}