{"id":15451,"date":"2026-02-19T19:24:42","date_gmt":"2026-02-19T22:24:42","guid":{"rendered":"https:\/\/jeffersonisac.adv.br\/index.php\/2026\/02\/19\/projeto-preve-consultas-online-de-psiquiatria-pelo-sus-para-universitarios\/"},"modified":"2026-02-19T19:24:42","modified_gmt":"2026-02-19T22:24:42","slug":"projeto-preve-consultas-online-de-psiquiatria-pelo-sus-para-universitarios","status":"publish","type":"post","link":"https:\/\/jeffersonisac.adv.br\/index.php\/2026\/02\/19\/projeto-preve-consultas-online-de-psiquiatria-pelo-sus-para-universitarios\/","title":{"rendered":"Projeto prev\u00ea consultas online de psiquiatria pelo SUS para universit\u00e1rios"},"content":{"rendered":"<div class=\"image-container\">\n<div class=\"midia-creditos\"><em>Vinicius Loures \/ C\u00e2mara dos Deputados<\/em><\/div>\n<div class=\"media-wrapper\"><\/div>\n<div class=\"midia-legenda\">Mandel: cerca de 40% dos universit\u00e1rios relatam sintomas de ansiedade ou depress\u00e3o<\/div>\n<\/div>\n<p class=\"mb-2 whitespace-pre-wrap\">O Projeto de Lei 6339\/25 determina a oferta obrigat\u00f3ria de consultas psiqui\u00e1tricas por teleatendimento a estudantes do ensino superior. A medida abrange alunos regularmente matriculados em institui\u00e7\u00f5es p\u00fablicas e privadas e deve ser implementada no \u00e2mbito do Sistema \u00danico de Sa\u00fade (SUS) e da rede conveniada. A proposta est\u00e1 em an\u00e1lise na C\u00e2mara dos Deputados.<\/p>\n<p class=\"mb-2 whitespace-pre-wrap\">O objetivo do projeto \u00e9 ampliar o acesso dos universit\u00e1rios a servi\u00e7os de sa\u00fade mental especializados, promovendo o atendimento precoce de transtornos e prevenindo quadros graves e a evas\u00e3o acad\u00eamica. A proposta tamb\u00e9m busca garantir equidade no atendimento, focando em estudantes de baixa renda ou que residam em localidades sem estrutura especializada.<\/p>\n<p class=\"mb-2 whitespace-pre-wrap\"><strong>Regras para o atendimento<br \/>\n<\/strong>De acordo com o texto, as consultas ser\u00e3o realizadas por profissionais habilitados, utilizando plataformas seguras e certificadas pelo Minist\u00e9rio da Sa\u00fade. O servi\u00e7o dever\u00e1 respeitar:<\/p>\n<p>O sigilo m\u00e9dico e a <a href=\"https:\/\/www2.camara.leg.br\/legin\/fed\/lei\/2018\/lei-13709-14-agosto-2018-787077-norma-pl.html\">Lei Geral de Prote\u00e7\u00e3o de Dados (LGPD)<\/a>;<br \/>\nAs normas \u00e9ticas dos conselhos federais de Medicina e de Psicologia;<br \/>\nO registro eletr\u00f4nico em prontu\u00e1rio.<\/p>\n<p class=\"mb-2 whitespace-pre-wrap\">O projeto prev\u00ea ainda o encaminhamento presencial do estudante quando necess\u00e1rio para a continuidade do tratamento. As institui\u00e7\u00f5es de ensino superior poder\u00e3o firmar conv\u00eanios com o SUS, hospitais universit\u00e1rios e cl\u00ednicas credenciadas para executar as a\u00e7\u00f5es.<\/p>\n<p class=\"mb-2 whitespace-pre-wrap\"><strong>Sa\u00fade mental e evas\u00e3o<br \/>\n<\/strong>Na justificativa da proposta, o deputado Amom Mandel (Cidadania-AM) cita pesquisas recentes indicando que cerca de 40% dos universit\u00e1rios brasileiros relatam sintomas de ansiedade ou depress\u00e3o. O deputado argumenta que a alta carga de estudos, a competitividade e a inseguran\u00e7a financeira contribuem para esse cen\u00e1rio.<\/p>\n<p class=\"mb-2 whitespace-pre-wrap\">\u201cA medida busca garantir o acesso universal e cont\u00ednuo \u00e0s consultas psiqui\u00e1tricas por teleatendimento, utilizando a tecnologia como ferramenta de inclus\u00e3o e preven\u00e7\u00e3o em sa\u00fade mental\u201d, afirma o autor.<\/p>\n<p><strong>Pr\u00f3ximos passos<\/strong><br \/>\nO projeto ser\u00e1 analisado em <span class=\"termoGlossario\">car\u00e1ter conclusivo<\/span> pelas comiss\u00f5es de Sa\u00fade; de Educa\u00e7\u00e3o; de Finan\u00e7as e Tributa\u00e7\u00e3o; e de Constitui\u00e7\u00e3o e Justi\u00e7a e de Cidadania.<\/p>\n<p><a href=\"https:\/\/www.camara.leg.br\/noticias\/573454-SAIBA-MAIS-SOBRE-A-TRAMITACAO-DE-PROJETOS-DE-LEI\">Saiba mais sobre a tramita\u00e7\u00e3o de projetos de lei<\/a><\/p>","protected":false},"excerpt":{"rendered":"<p>Vinicius Loures \/ C\u00e2mara dos Deputados Mandel: cerca de 40% dos universit\u00e1rios relatam sintomas de ansiedade ou depress\u00e3o O Projeto de Lei 6339\/25 determina a oferta obrigat\u00f3ria de consultas psiqui\u00e1tricas por teleatendimento a estudantes do ensino superior. A medida abrange alunos regularmente matriculados em institui\u00e7\u00f5es p\u00fablicas e privadas e deve ser implementada no \u00e2mbito do [&hellip;]<\/p>\n","protected":false},"author":0,"featured_media":0,"comment_status":"open","ping_status":"open","sticky":false,"template":"","format":"standard","meta":{"footnotes":""},"categories":[1],"tags":[],"_links":{"self":[{"href":"https:\/\/jeffersonisac.adv.br\/index.php\/wp-json\/wp\/v2\/posts\/15451"}],"collection":[{"href":"https:\/\/jeffersonisac.adv.br\/index.php\/wp-json\/wp\/v2\/posts"}],"about":[{"href":"https:\/\/jeffersonisac.adv.br\/index.php\/wp-json\/wp\/v2\/types\/post"}],"replies":[{"embeddable":true,"href":"https:\/\/jeffersonisac.adv.br\/index.php\/wp-json\/wp\/v2\/comments?post=15451"}],"version-history":[{"count":0,"href":"https:\/\/jeffersonisac.adv.br\/index.php\/wp-json\/wp\/v2\/posts\/15451\/revisions"}],"wp:attachment":[{"href":"https:\/\/jeffersonisac.adv.br\/index.php\/wp-json\/wp\/v2\/media?parent=15451"}],"wp:term":[{"taxonomy":"category","embeddable":true,"href":"https:\/\/jeffersonisac.adv.br\/index.php\/wp-json\/wp\/v2\/categories?post=15451"},{"taxonomy":"post_tag","embeddable":true,"href":"https:\/\/jeffersonisac.adv.br\/index.php\/wp-json\/wp\/v2\/tags?post=15451"}],"curies":[{"name":"wp","href":"https:\/\/api.w.org\/{rel}","templated":true}]}}