{"id":15452,"date":"2026-02-19T19:24:43","date_gmt":"2026-02-19T22:24:43","guid":{"rendered":"https:\/\/jeffersonisac.adv.br\/index.php\/2026\/02\/19\/projeto-aumenta-pena-para-crime-de-maus-tratos-praticado-em-escolas\/"},"modified":"2026-02-19T19:24:43","modified_gmt":"2026-02-19T22:24:43","slug":"projeto-aumenta-pena-para-crime-de-maus-tratos-praticado-em-escolas","status":"publish","type":"post","link":"https:\/\/jeffersonisac.adv.br\/index.php\/2026\/02\/19\/projeto-aumenta-pena-para-crime-de-maus-tratos-praticado-em-escolas\/","title":{"rendered":"Projeto aumenta pena para crime de maus-tratos praticado em escolas"},"content":{"rendered":"<div class=\"image-container\">\n<div class=\"midia-creditos\"><em>Vinicius Loures\/C\u00e2mara dos Deputados<\/em><\/div>\n<div class=\"media-wrapper\"><\/div>\n<div class=\"midia-legenda\">Duda Ramos, autor da proposta<\/div>\n<\/div>\n<p>O Projeto de Lei 6767\/25 estabelece aumento de pena para o crime de maus-tratos quando for praticado dentro de institui\u00e7\u00f5es de ensino. A C\u00e2mara dos Deputados analisa a proposta.<\/p>\n<p>O texto altera o <a href=\"https:\/\/www2.camara.leg.br\/legin\/fed\/declei\/1940-1949\/decreto-lei-2848-7-dezembro-1940-412868-norma-pe.html\">C\u00f3digo Penal<\/a> para prever que a puni\u00e7\u00e3o seja elevada de metade at\u00e9 o dobro nessas situa\u00e7\u00f5es. Atualmente, a pena prevista para o crime \u00e9 de 2 a 5 cinco anos de reclus\u00e3o.<\/p>\n<p>Autor, o deputado Duda Ramos (MDB-RR) afirma que o objetivo \u00e9 criar uma prote\u00e7\u00e3o adicional para o ambiente escolar, focando na seguran\u00e7a de crian\u00e7as e adolescentes.<\/p>\n<p>Ele argumenta que a pr\u00e1tica de maus-tratos nas escolas quebra a confian\u00e7a da fam\u00edlia e da sociedade, al\u00e9m de comprometer a fun\u00e7\u00e3o pedag\u00f3gica do ambiente.<\/p>\n<p>\u201cAo prever penas maiores, a proposta refor\u00e7a a mensagem de intoler\u00e2ncia \u00e0 viol\u00eancia no espa\u00e7o escolar\u201d, afirmou.<\/p>\n<p><strong>Pr\u00f3ximas etapas<br \/>\n<\/strong>A proposta ser\u00e1 analisada pela Comiss\u00e3o de Constitui\u00e7\u00e3o e Justi\u00e7a e de Cidadania e, depois, pelo Plen\u00e1rio.<\/p>\n<p>Para virar lei, o texto deve ser aprovado pela C\u00e2mara e pelo Senado.<\/p>\n<p><a href=\"https:\/\/www.camara.leg.br\/noticias\/573454-SAIBA-MAIS-SOBRE-A-TRAMITACAO-DE-PROJETOS-DE-LEI\">Saiba mais sobre a tramita\u00e7\u00e3o de projetos de lei<\/a><\/p>","protected":false},"excerpt":{"rendered":"<p>Vinicius Loures\/C\u00e2mara dos Deputados Duda Ramos, autor da proposta O Projeto de Lei 6767\/25 estabelece aumento de pena para o crime de maus-tratos quando for praticado dentro de institui\u00e7\u00f5es de ensino. A C\u00e2mara dos Deputados analisa a proposta. O texto altera o C\u00f3digo Penal para prever que a puni\u00e7\u00e3o seja elevada de metade at\u00e9 o [&hellip;]<\/p>\n","protected":false},"author":0,"featured_media":0,"comment_status":"open","ping_status":"open","sticky":false,"template":"","format":"standard","meta":{"footnotes":""},"categories":[1],"tags":[],"_links":{"self":[{"href":"https:\/\/jeffersonisac.adv.br\/index.php\/wp-json\/wp\/v2\/posts\/15452"}],"collection":[{"href":"https:\/\/jeffersonisac.adv.br\/index.php\/wp-json\/wp\/v2\/posts"}],"about":[{"href":"https:\/\/jeffersonisac.adv.br\/index.php\/wp-json\/wp\/v2\/types\/post"}],"replies":[{"embeddable":true,"href":"https:\/\/jeffersonisac.adv.br\/index.php\/wp-json\/wp\/v2\/comments?post=15452"}],"version-history":[{"count":0,"href":"https:\/\/jeffersonisac.adv.br\/index.php\/wp-json\/wp\/v2\/posts\/15452\/revisions"}],"wp:attachment":[{"href":"https:\/\/jeffersonisac.adv.br\/index.php\/wp-json\/wp\/v2\/media?parent=15452"}],"wp:term":[{"taxonomy":"category","embeddable":true,"href":"https:\/\/jeffersonisac.adv.br\/index.php\/wp-json\/wp\/v2\/categories?post=15452"},{"taxonomy":"post_tag","embeddable":true,"href":"https:\/\/jeffersonisac.adv.br\/index.php\/wp-json\/wp\/v2\/tags?post=15452"}],"curies":[{"name":"wp","href":"https:\/\/api.w.org\/{rel}","templated":true}]}}