{"id":15454,"date":"2026-02-19T20:26:07","date_gmt":"2026-02-19T23:26:07","guid":{"rendered":"https:\/\/jeffersonisac.adv.br\/index.php\/2026\/02\/19\/projeto-proibe-prisao-especial-para-acusados-de-estupro\/"},"modified":"2026-02-19T20:26:07","modified_gmt":"2026-02-19T23:26:07","slug":"projeto-proibe-prisao-especial-para-acusados-de-estupro","status":"publish","type":"post","link":"https:\/\/jeffersonisac.adv.br\/index.php\/2026\/02\/19\/projeto-proibe-prisao-especial-para-acusados-de-estupro\/","title":{"rendered":"Projeto pro\u00edbe pris\u00e3o especial para acusados de estupro"},"content":{"rendered":"<div class=\"image-container\">\n<div class=\"midia-creditos\"><em>Kayo Magalh\u00e3es\/C\u00e2mara dos Deputados<\/em><\/div>\n<div class=\"media-wrapper\"><\/div>\n<div class=\"midia-legenda\">Duda Ramos: sem privil\u00e9gios para quem comete estupro<\/div>\n<\/div>\n<p class=\"mb-2 whitespace-pre-wrap\">O Projeto de Lei 6950\/25 pro\u00edbe a concess\u00e3o de pris\u00e3o especial a pessoas presas por crime de estupro. A medida vale para qualquer modalidade de pris\u00e3o (flagrante, tempor\u00e1ria, preventiva ou definitiva) e abrange todos os acusados, independentemente de possu\u00edrem curso superior, exercerem cargo p\u00fablico ou deterem mandato eletivo. A proposta est\u00e1 em an\u00e1lise na C\u00e2mara dos Deputados.<\/p>\n<p class=\"mb-2 whitespace-pre-wrap\">Pelo texto, nenhuma autoridade poder\u00e1 conceder tratamento diferenciado, depend\u00eancia ou cela separada a esses presos. A \u00fanica exce\u00e7\u00e3o prevista \u00e9 para casos em que haja risco concreto e comprovado \u00e0 integridade f\u00edsica do detento, mediante determina\u00e7\u00e3o judicial.<\/p>\n<p class=\"mb-2 whitespace-pre-wrap\"><strong>Fim de privil\u00e9gios<br \/>\n<\/strong>Atualmente, o <a href=\"https:\/\/www2.camara.leg.br\/legin\/fed\/declei\/1940-1949\/decreto-lei-3689-3-outubro-1941-322206-publicacaooriginal-1-pe.html\">C\u00f3digo de Processo Penal<\/a> prev\u00ea a pris\u00e3o especial para determinadas autoridades e agentes p\u00fablicos antes da condena\u00e7\u00e3o definitiva. O autor do projeto, deputado Duda Ramos (MDB-RR), argumenta que o estupro, pela sua natureza violenta, deve excluir automaticamente qualquer possibilidade de privil\u00e9gio.<\/p>\n<p class=\"mb-2 whitespace-pre-wrap\">\u201cNenhum t\u00edtulo, diploma ou cargo pode servir de escudo para quem comete ato de tamanha brutalidade\u201d, afirma Duda Ramos na justificativa da proposta.<\/p>\n<p class=\"mb-2 whitespace-pre-wrap\">Segundo ele, o tratamento diferenciado nesses casos representa uma afronta ao princ\u00edpio da igualdade e pode ser percebido pela sociedade como um s\u00edmbolo de impunidade.<\/p>\n<p class=\"mb-2 whitespace-pre-wrap\"><strong>Pr\u00f3ximos passos<br \/>\n<\/strong>O projeto ser\u00e1 analisado de forma <span class=\"termoGlossario\">conclusiva<\/span> pelas comiss\u00f5es de Seguran\u00e7a P\u00fablica e Combate ao Crime Organizado; e de Constitui\u00e7\u00e3o e Justi\u00e7a e de Cidadania.<\/p>\n<p><a href=\"https:\/\/www.camara.leg.br\/noticias\/573454-SAIBA-MAIS-SOBRE-A-TRAMITACAO-DE-PROJETOS-DE-LEI\">Saiba mais sobre a tramita\u00e7\u00e3o de projetos de lei<\/a><\/p>","protected":false},"excerpt":{"rendered":"<p>Kayo Magalh\u00e3es\/C\u00e2mara dos Deputados Duda Ramos: sem privil\u00e9gios para quem comete estupro O Projeto de Lei 6950\/25 pro\u00edbe a concess\u00e3o de pris\u00e3o especial a pessoas presas por crime de estupro. A medida vale para qualquer modalidade de pris\u00e3o (flagrante, tempor\u00e1ria, preventiva ou definitiva) e abrange todos os acusados, independentemente de possu\u00edrem curso superior, exercerem cargo [&hellip;]<\/p>\n","protected":false},"author":0,"featured_media":0,"comment_status":"open","ping_status":"open","sticky":false,"template":"","format":"standard","meta":{"footnotes":""},"categories":[1],"tags":[],"_links":{"self":[{"href":"https:\/\/jeffersonisac.adv.br\/index.php\/wp-json\/wp\/v2\/posts\/15454"}],"collection":[{"href":"https:\/\/jeffersonisac.adv.br\/index.php\/wp-json\/wp\/v2\/posts"}],"about":[{"href":"https:\/\/jeffersonisac.adv.br\/index.php\/wp-json\/wp\/v2\/types\/post"}],"replies":[{"embeddable":true,"href":"https:\/\/jeffersonisac.adv.br\/index.php\/wp-json\/wp\/v2\/comments?post=15454"}],"version-history":[{"count":0,"href":"https:\/\/jeffersonisac.adv.br\/index.php\/wp-json\/wp\/v2\/posts\/15454\/revisions"}],"wp:attachment":[{"href":"https:\/\/jeffersonisac.adv.br\/index.php\/wp-json\/wp\/v2\/media?parent=15454"}],"wp:term":[{"taxonomy":"category","embeddable":true,"href":"https:\/\/jeffersonisac.adv.br\/index.php\/wp-json\/wp\/v2\/categories?post=15454"},{"taxonomy":"post_tag","embeddable":true,"href":"https:\/\/jeffersonisac.adv.br\/index.php\/wp-json\/wp\/v2\/tags?post=15454"}],"curies":[{"name":"wp","href":"https:\/\/api.w.org\/{rel}","templated":true}]}}