{"id":15455,"date":"2026-02-19T21:25:17","date_gmt":"2026-02-20T00:25:17","guid":{"rendered":"https:\/\/jeffersonisac.adv.br\/index.php\/2026\/02\/19\/projeto-inclui-terapia-assistida-por-animais-no-sus\/"},"modified":"2026-02-19T21:25:17","modified_gmt":"2026-02-20T00:25:17","slug":"projeto-inclui-terapia-assistida-por-animais-no-sus","status":"publish","type":"post","link":"https:\/\/jeffersonisac.adv.br\/index.php\/2026\/02\/19\/projeto-inclui-terapia-assistida-por-animais-no-sus\/","title":{"rendered":"Projeto inclui terapia assistida por animais no SUS"},"content":{"rendered":"<div class=\"image-container\">\n<div class=\"midia-creditos\"><em>Kayo Magalh\u00e3es \/ C\u00e2mara dos Deputados<\/em><\/div>\n<div class=\"media-wrapper\"><\/div>\n<div class=\"midia-legenda\">Rodrigo de Castro, autor da proposta<\/div>\n<\/div>\n<p class=\"mb-2 whitespace-pre-wrap\">O Projeto de Lei 6319\/25 altera a <a href=\"https:\/\/www2.camara.leg.br\/legin\/fed\/lei\/1990\/lei-8080-19-setembro-1990-365093-norma-pl.html\">Lei Org\u00e2nica da Sa\u00fade<\/a> para incluir a terapia assistida por animais entre os servi\u00e7os oferecidos pelo Sistema \u00danico de Sa\u00fade (SUS). A medida visa promover a recupera\u00e7\u00e3o da sa\u00fade e auxiliar na supera\u00e7\u00e3o de barreiras por pessoas com defici\u00eancia. A proposta est\u00e1 em an\u00e1lise na C\u00e2mara dos Deputados.<\/p>\n<p class=\"mb-2 whitespace-pre-wrap\">De acordo com o texto, a terapia assistida por animais compreende duas modalidades principais. A primeira envolve procedimentos conduzidos por profissionais de sa\u00fade, como fisioterapeutas e psic\u00f3logos, com a participa\u00e7\u00e3o de animais. A segunda refere-se \u00e0 disponibiliza\u00e7\u00e3o de animais de servi\u00e7o, treinados para auxiliar pessoas em suas necessidades di\u00e1rias sem supervis\u00e3o constante, como c\u00e3es-guia.<\/p>\n<p class=\"mb-2 whitespace-pre-wrap\"><strong>Regras e deveres<br \/>\n<\/strong>A proposta estabelece que a oferta desses servi\u00e7os depender\u00e1 de protocolos cl\u00ednicos e diretrizes terap\u00eauticas, que dever\u00e3o avaliar a efic\u00e1cia, a seguran\u00e7a e o custo-efetividade dos tratamentos.<\/p>\n<p class=\"mb-2 whitespace-pre-wrap\">Para ter acesso a um animal de servi\u00e7o financiado pelo SUS, o paciente precisar\u00e1 cumprir requisitos espec\u00edficos, como:<\/p>\n<p>enquadrar-se nas situa\u00e7\u00f5es previstas pelos protocolos cl\u00ednicos;<br \/>\nassumir a responsabilidade civil pela guarda e bem-estar do animal;<br \/>\ngarantir cuidados de sa\u00fade, incluindo alimenta\u00e7\u00e3o, vacina\u00e7\u00e3o e acompanhamento veterin\u00e1rio; e<br \/>\nmanter o treinamento do animal.<\/p>\n<p class=\"mb-2 whitespace-pre-wrap\">O projeto tamb\u00e9m prev\u00ea a devolu\u00e7\u00e3o do animal ao \u00f3rg\u00e3o respons\u00e1vel em casos de maus-tratos, incapacidade do animal ou altera\u00e7\u00e3o nas condi\u00e7\u00f5es de sa\u00fade do paciente.<\/p>\n<p class=\"mb-2 whitespace-pre-wrap\"><strong>Justificativa<br \/>\n<\/strong>O autor do projeto, deputado Rodrigo de Castro (Uni\u00e3o-MG), argumenta que, exceto pela equoterapia (terapia com cavalos), o Brasil ainda carece de regulamenta\u00e7\u00e3o ampla sobre o uso terap\u00eautico de animais. Segundo ele, a presen\u00e7a de animais pode reduzir a ansiedade, facilitar a comunica\u00e7\u00e3o e motivar pacientes em tratamentos f\u00edsicos e psicol\u00f3gicos.<\/p>\n<p class=\"mb-2 whitespace-pre-wrap\">\u201cOs animais n\u00e3o s\u00e3o meros assistentes, mas parceiros fundamentais para a inclus\u00e3o plena e a participa\u00e7\u00e3o social\u201d, afirma o deputado.<\/p>\n<p class=\"mb-2 whitespace-pre-wrap\"><strong>Pr\u00f3ximos passos<br \/>\n<\/strong>O projeto ser\u00e1 analisado de forma <span class=\"termoGlossario\">conclusiva<\/span> pelas comiss\u00f5es de Sa\u00fade; e de Constitui\u00e7\u00e3o e Justi\u00e7a e de Cidadania.<\/p>\n<p><a href=\"https:\/\/www.camara.leg.br\/noticias\/573454-SAIBA-MAIS-SOBRE-A-TRAMITACAO-DE-PROJETOS-DE-LEI\">Saiba mais sobre a tramita\u00e7\u00e3o de projetos de lei<\/a><\/p>","protected":false},"excerpt":{"rendered":"<p>Kayo Magalh\u00e3es \/ C\u00e2mara dos Deputados Rodrigo de Castro, autor da proposta O Projeto de Lei 6319\/25 altera a Lei Org\u00e2nica da Sa\u00fade para incluir a terapia assistida por animais entre os servi\u00e7os oferecidos pelo Sistema \u00danico de Sa\u00fade (SUS). A medida visa promover a recupera\u00e7\u00e3o da sa\u00fade e auxiliar na supera\u00e7\u00e3o de barreiras por [&hellip;]<\/p>\n","protected":false},"author":0,"featured_media":0,"comment_status":"open","ping_status":"open","sticky":false,"template":"","format":"standard","meta":{"footnotes":""},"categories":[1],"tags":[],"_links":{"self":[{"href":"https:\/\/jeffersonisac.adv.br\/index.php\/wp-json\/wp\/v2\/posts\/15455"}],"collection":[{"href":"https:\/\/jeffersonisac.adv.br\/index.php\/wp-json\/wp\/v2\/posts"}],"about":[{"href":"https:\/\/jeffersonisac.adv.br\/index.php\/wp-json\/wp\/v2\/types\/post"}],"replies":[{"embeddable":true,"href":"https:\/\/jeffersonisac.adv.br\/index.php\/wp-json\/wp\/v2\/comments?post=15455"}],"version-history":[{"count":0,"href":"https:\/\/jeffersonisac.adv.br\/index.php\/wp-json\/wp\/v2\/posts\/15455\/revisions"}],"wp:attachment":[{"href":"https:\/\/jeffersonisac.adv.br\/index.php\/wp-json\/wp\/v2\/media?parent=15455"}],"wp:term":[{"taxonomy":"category","embeddable":true,"href":"https:\/\/jeffersonisac.adv.br\/index.php\/wp-json\/wp\/v2\/categories?post=15455"},{"taxonomy":"post_tag","embeddable":true,"href":"https:\/\/jeffersonisac.adv.br\/index.php\/wp-json\/wp\/v2\/tags?post=15455"}],"curies":[{"name":"wp","href":"https:\/\/api.w.org\/{rel}","templated":true}]}}