{"id":15457,"date":"2026-02-20T09:27:42","date_gmt":"2026-02-20T12:27:42","guid":{"rendered":"https:\/\/jeffersonisac.adv.br\/index.php\/2026\/02\/20\/projeto-isenta-horas-extras-de-contribuicao-previdenciaria\/"},"modified":"2026-02-20T09:27:42","modified_gmt":"2026-02-20T12:27:42","slug":"projeto-isenta-horas-extras-de-contribuicao-previdenciaria","status":"publish","type":"post","link":"https:\/\/jeffersonisac.adv.br\/index.php\/2026\/02\/20\/projeto-isenta-horas-extras-de-contribuicao-previdenciaria\/","title":{"rendered":"Projeto isenta horas extras de contribui\u00e7\u00e3o previdenci\u00e1ria"},"content":{"rendered":"<div class=\"image-container\">\n<div class=\"midia-creditos\"><em>Kayo Magalh\u00e3es\/C\u00e2mara dos Deputados<\/em><\/div>\n<div class=\"media-wrapper\"><\/div>\n<div class=\"midia-legenda\">Duda Ramos \u00e9 o autor da proposta<\/div>\n<\/div>\n<p class=\"mb-2 whitespace-pre-wrap\">O Projeto de Lei 6814\/25 isenta as horas extras pagas aos trabalhadores de contribui\u00e7\u00f5es previdenci\u00e1rias e de outros encargos sociais. A medida vale para empregados com carteira assinada, regidos pela Consolida\u00e7\u00e3o das Leis do Trabalho (CLT). A proposta est\u00e1 em an\u00e1lise na C\u00e2mara dos Deputados.<\/p>\n<p class=\"mb-2 whitespace-pre-wrap\">Segundo o autor, deputado Duda Ramos (MDB-RR), o objetivo \u00e9 estimular a gera\u00e7\u00e3o de renda e reduzir os custos da folha de pagamento.<\/p>\n<p>Pelo texto, os valores pagos pelo trabalho al\u00e9m da jornada normal n\u00e3o ser\u00e3o considerados na base de c\u00e1lculo das contribui\u00e7\u00f5es devidas pelo empregador, pelo empregado ou por terceiros. A isen\u00e7\u00e3o inclui a hora extra e os adicionais legais, como os de 50% ou 100%.<\/p>\n<p>O projeto tamb\u00e9m pro\u00edbe que a Uni\u00e3o, os estados e os munic\u00edpios criem contribui\u00e7\u00e3o, taxa ou encargo sobre essas horas.<\/p>\n<p>O autor da proposta, deputado Duda Ramos (MDB-RR), argumenta que a tributa\u00e7\u00e3o atual gera \u201cduplo efeito negativo\u201d: aumenta o custo das empresas e reduz o valor recebido pelo trabalhador. Para ele, a mudan\u00e7a pode incentivar a formaliza\u00e7\u00e3o do trabalho.<\/p>\n<p class=\"mb-2 whitespace-pre-wrap\">\u201cA tributa\u00e7\u00e3o sobre essas parcelas representa, portanto, um excesso fiscal incompat\u00edvel com os princ\u00edpios da razoabilidade e da capacidade contributiva\u201d, afirma em justificativa do projeto.<\/p>\n<p class=\"mb-2 whitespace-pre-wrap\"><strong>Direitos mantidos<br \/>\n<\/strong> A proposta deixa claro que a isen\u00e7\u00e3o das contribui\u00e7\u00f5es incidentes sobre as horas extras n\u00e3o prejudicar\u00e1 outros direitos do trabalhador. O c\u00e1lculo de f\u00e9rias, 13\u00ba sal\u00e1rio e Fundo de Garantia do Tempo de Servi\u00e7o (FGTS) continuar\u00e1 com base na remunera\u00e7\u00e3o total, incluindo as horas extras.<\/p>\n<p class=\"mb-2 whitespace-pre-wrap\"><strong>Pr\u00f3ximos passos<br \/>\n<\/strong>O projeto ser\u00e1 analisado, de <span class=\"termoGlossario\">forma conclusiva<\/span>, pelas comiss\u00f5es de Trabalho; de Finan\u00e7as e Tributa\u00e7\u00e3o; e de Constitui\u00e7\u00e3o e Justi\u00e7a e de Cidadania.<\/p>\n<p>Para virar lei, a proposta precisa ser aprovada pela C\u00e2mara e pelo Senado.<\/p>\n<p><a href=\"https:\/\/www.camara.leg.br\/noticias\/573454-SAIBA-MAIS-SOBRE-A-TRAMITACAO-DE-PROJETOS-DE-LEI\">Saiba mais sobre a tramita\u00e7\u00e3o de projetos de lei<\/a><\/p>","protected":false},"excerpt":{"rendered":"<p>Kayo Magalh\u00e3es\/C\u00e2mara dos Deputados Duda Ramos \u00e9 o autor da proposta O Projeto de Lei 6814\/25 isenta as horas extras pagas aos trabalhadores de contribui\u00e7\u00f5es previdenci\u00e1rias e de outros encargos sociais. A medida vale para empregados com carteira assinada, regidos pela Consolida\u00e7\u00e3o das Leis do Trabalho (CLT). A proposta est\u00e1 em an\u00e1lise na C\u00e2mara dos [&hellip;]<\/p>\n","protected":false},"author":0,"featured_media":0,"comment_status":"open","ping_status":"open","sticky":false,"template":"","format":"standard","meta":{"footnotes":""},"categories":[1],"tags":[],"_links":{"self":[{"href":"https:\/\/jeffersonisac.adv.br\/index.php\/wp-json\/wp\/v2\/posts\/15457"}],"collection":[{"href":"https:\/\/jeffersonisac.adv.br\/index.php\/wp-json\/wp\/v2\/posts"}],"about":[{"href":"https:\/\/jeffersonisac.adv.br\/index.php\/wp-json\/wp\/v2\/types\/post"}],"replies":[{"embeddable":true,"href":"https:\/\/jeffersonisac.adv.br\/index.php\/wp-json\/wp\/v2\/comments?post=15457"}],"version-history":[{"count":0,"href":"https:\/\/jeffersonisac.adv.br\/index.php\/wp-json\/wp\/v2\/posts\/15457\/revisions"}],"wp:attachment":[{"href":"https:\/\/jeffersonisac.adv.br\/index.php\/wp-json\/wp\/v2\/media?parent=15457"}],"wp:term":[{"taxonomy":"category","embeddable":true,"href":"https:\/\/jeffersonisac.adv.br\/index.php\/wp-json\/wp\/v2\/categories?post=15457"},{"taxonomy":"post_tag","embeddable":true,"href":"https:\/\/jeffersonisac.adv.br\/index.php\/wp-json\/wp\/v2\/tags?post=15457"}],"curies":[{"name":"wp","href":"https:\/\/api.w.org\/{rel}","templated":true}]}}