{"id":15458,"date":"2026-02-20T10:26:17","date_gmt":"2026-02-20T13:26:17","guid":{"rendered":"https:\/\/jeffersonisac.adv.br\/index.php\/2026\/02\/20\/comissao-que-analisa-a-medida-provisoria-do-seguro-defeso-ouve-ministros-na-proxima-terca\/"},"modified":"2026-02-20T10:26:17","modified_gmt":"2026-02-20T13:26:17","slug":"comissao-que-analisa-a-medida-provisoria-do-seguro-defeso-ouve-ministros-na-proxima-terca","status":"publish","type":"post","link":"https:\/\/jeffersonisac.adv.br\/index.php\/2026\/02\/20\/comissao-que-analisa-a-medida-provisoria-do-seguro-defeso-ouve-ministros-na-proxima-terca\/","title":{"rendered":"Comiss\u00e3o que analisa a medida provis\u00f3ria do seguro-defeso ouve ministros na pr\u00f3xima ter\u00e7a"},"content":{"rendered":"<div class=\"image-container\">\n<div class=\"midia-creditos\"><em>Vinicius Loures\/C\u00e2mara dos Deputados<\/em><\/div>\n<div class=\"media-wrapper\"><\/div>\n<div class=\"midia-legenda\">O ministro do Trabalho, Luiz Marinho<\/div>\n<\/div>\n<p>Os ministros do Trabalho, Luiz Marinho, e da Integra\u00e7\u00e3o e Desenvolvimento Regional, Waldez G\u00f3es, ser\u00e3o ouvidos na pr\u00f3xima ter\u00e7a-feira (24), pela <span class=\"termoGlossario\">comiss\u00e3o mista<\/span> que analisa a medida provis\u00f3ria do seguro-defeso (<a class=\"linkProposicao\" href=\"https:\/\/www.camara.leg.br\/noticias\/1219454-mp-1323-25-mp-vincula-pagamento-de-seguro-defeso-a-dados-biometricos-de-pescadores\">MP 1323\/25<\/a>).<\/p>\n<p>Esse seguro \u00e9 pago a pescadores durante os per\u00edodos de reprodu\u00e7\u00e3o dos peixes, quando a pesca \u00e9 proibida, mas h\u00e1 queixas de dificuldades no acesso ao benef\u00edcio.<\/p>\n<p>Al\u00e9m dos ministros, foram convidados:<\/p>\n<p>a secret\u00e1ria nacional de Registro, Monitoramento e Pesquisa do Minist\u00e9rio da Pesca e Aquicultura, Carolina Rodrigues da Costa Doria;<br \/>\na representante da Ag\u00eancia Nacional de Assist\u00eancia T\u00e9cnica e Extens\u00e3o Rural (Anater) Vanessa de Oliveira Gaudereto Guimar\u00e3es; e<br \/>\nrepresentantes dos minist\u00e9rios da Fazenda e da Previd\u00eancia Social.<\/p>\n<p>A audi\u00eancia ser\u00e1 realizada no plen\u00e1rio 2 da Ala Nilo Coelho, no Senado Federal, \u00e0s 14 horas, e ser\u00e1 interativa. <a href=\"https:\/\/www12.senado.leg.br\/ecidadania\/visualizacaoaudiencia?id=37608\">Veja a pauta completa e envie suas perguntas.<\/a><\/p>\n<p><strong>A MP<br \/>\n<\/strong>Em vigor desde 5 de novembro de 2025, a\u00a0medida provis\u00f3ria transferiu do INSS para o Minist\u00e9rio do Trabalho a responsabilidade de processar os pedidos do\u00a0seguro.<\/p>\n<p>Tamb\u00e9m aumentou as exig\u00eancias para concess\u00e3o do seguro, assim os pescadores benefici\u00e1rios dever\u00e3o:<\/p>\n<p>ser inscritos no Cadastro \u00danico para Programas Sociais do Governo Federal (<span class=\"termoGlossario\">Cad\u00danico<\/span>);<br \/>\nfornecer dados biom\u00e9tricos de modo a evitar fraudes; e<br \/>\natender a novos requisitos para concess\u00e3o e manuten\u00e7\u00e3o do benef\u00edcio.<\/p>\n<p><strong>O colegiado<\/strong><br \/>\nA comiss\u00e3o mista foi instalada em 3 de fevereiro, \u00e9 presidida pelo deputado Josenildo (PDT-AP) e tem o deputado Sidney Leite (PSD-AM) como relator-revisor.<\/p>\n<p>O colegiado \u00e9 composto por <a href=\"https:\/\/legis.senado.leg.br\/atividade\/comissoes\/comissao\/2823\/composicao\">26 parlamentares titulares e 26 suplentes<\/a>.<\/p>\n<p>A leitura do relat\u00f3rio final da comiss\u00e3o est\u00e1 prevista para 10 de mar\u00e7o.<\/p>\n<p>\u00a0<\/p>\n<div><\/div>\n<p>\u00a0<\/p>\n<p>\u00a0<\/p>","protected":false},"excerpt":{"rendered":"<p>Vinicius Loures\/C\u00e2mara dos Deputados O ministro do Trabalho, Luiz Marinho Os ministros do Trabalho, Luiz Marinho, e da Integra\u00e7\u00e3o e Desenvolvimento Regional, Waldez G\u00f3es, ser\u00e3o ouvidos na pr\u00f3xima ter\u00e7a-feira (24), pela comiss\u00e3o mista que analisa a medida provis\u00f3ria do seguro-defeso (MP 1323\/25). Esse seguro \u00e9 pago a pescadores durante os per\u00edodos de reprodu\u00e7\u00e3o dos peixes, [&hellip;]<\/p>\n","protected":false},"author":0,"featured_media":0,"comment_status":"open","ping_status":"open","sticky":false,"template":"","format":"standard","meta":{"footnotes":""},"categories":[1],"tags":[],"_links":{"self":[{"href":"https:\/\/jeffersonisac.adv.br\/index.php\/wp-json\/wp\/v2\/posts\/15458"}],"collection":[{"href":"https:\/\/jeffersonisac.adv.br\/index.php\/wp-json\/wp\/v2\/posts"}],"about":[{"href":"https:\/\/jeffersonisac.adv.br\/index.php\/wp-json\/wp\/v2\/types\/post"}],"replies":[{"embeddable":true,"href":"https:\/\/jeffersonisac.adv.br\/index.php\/wp-json\/wp\/v2\/comments?post=15458"}],"version-history":[{"count":0,"href":"https:\/\/jeffersonisac.adv.br\/index.php\/wp-json\/wp\/v2\/posts\/15458\/revisions"}],"wp:attachment":[{"href":"https:\/\/jeffersonisac.adv.br\/index.php\/wp-json\/wp\/v2\/media?parent=15458"}],"wp:term":[{"taxonomy":"category","embeddable":true,"href":"https:\/\/jeffersonisac.adv.br\/index.php\/wp-json\/wp\/v2\/categories?post=15458"},{"taxonomy":"post_tag","embeddable":true,"href":"https:\/\/jeffersonisac.adv.br\/index.php\/wp-json\/wp\/v2\/tags?post=15458"}],"curies":[{"name":"wp","href":"https:\/\/api.w.org\/{rel}","templated":true}]}}