{"id":15459,"date":"2026-02-20T10:26:17","date_gmt":"2026-02-20T13:26:17","guid":{"rendered":"https:\/\/jeffersonisac.adv.br\/index.php\/2026\/02\/20\/comissao-debate-diagnostico-tardio-do-autismo-na-terca-feira\/"},"modified":"2026-02-20T10:26:17","modified_gmt":"2026-02-20T13:26:17","slug":"comissao-debate-diagnostico-tardio-do-autismo-na-terca-feira","status":"publish","type":"post","link":"https:\/\/jeffersonisac.adv.br\/index.php\/2026\/02\/20\/comissao-debate-diagnostico-tardio-do-autismo-na-terca-feira\/","title":{"rendered":"Comiss\u00e3o debate diagn\u00f3stico tardio do autismo na ter\u00e7a-feira"},"content":{"rendered":"<div class=\"image-container\">\n<div class=\"midia-creditos\"><em>Depositphotos<\/em><\/div>\n<div class=\"media-wrapper\"><\/div>\n<div class=\"midia-legenda\">Comiss\u00e3o quer construir um marco legal abrangente<\/div>\n<\/div>\n<p>A <span class=\"termoGlossario\">comiss\u00e3o especial<\/span> da C\u00e2mara dos Deputados que analisa o Projeto de Lei 3080\/20 realiza, na pr\u00f3xima ter\u00e7a-feira (24), audi\u00eancia p\u00fablica sobre diagn\u00f3stico tardio e interven\u00e7\u00f5es voltadas \u00e0s pessoas com transtorno do espectro autista (TEA).<\/p>\n<p>O debate ser\u00e1 realizado \u00e0s 14 horas, no plen\u00e1rio 9, e atende a pedidos dos deputados Marangoni (Uni\u00e3o-SP) e Orlando Silva (PCdoB-SP).<\/p>\n<p><a href=\"https:\/\/www.camara.leg.br\/evento-legislativo\/81055\">Veja quem foi convidado para o debate<\/a><\/p>\n<p>Segundo Marangoni, a comiss\u00e3o quer construir um marco legal abrangente que integre a\u00e7\u00f5es de diferentes \u00e1reas e melhore as pol\u00edticas p\u00fablicas voltadas \u00e0 inclus\u00e3o, ao diagn\u00f3stico precoce, ao tratamento, \u00e0 educa\u00e7\u00e3o, ao trabalho e \u00e0 prote\u00e7\u00e3o dos direitos das pessoas no espectro autista e de suas fam\u00edlias.<\/p>\n<p>Marangoni tamb\u00e9m ressalta a import\u00e2ncia de discutir a viol\u00eancia cometida contra pessoas autistas. \u201cA viol\u00eancia contra pessoas autistas \u00e9 fen\u00f4meno crescente e multifacetado, demandando an\u00e1lise jur\u00eddica, social e institucional\u201d, resume.<\/p>\n<p><strong>Debate qualificado<br \/>\n<\/strong>Orlando Silva afirma que o debate exige a participa\u00e7\u00e3o de especialistas, gestores p\u00fablicos, entidades representativas e profissionais com experi\u00eancia em pol\u00edticas p\u00fablicas.<\/p>\n<p>Segundo o deputado, \u00e9 essencial ouvir representantes da sociedade civil, do poder p\u00fablico, do sistema de justi\u00e7a, de profissionais de sa\u00fade e educa\u00e7\u00e3o e de pessoas autistas \u00e9 essencial para assegurar propostas alinhadas \u00e0s realidades regionais.<\/p>\n<p>\u201cUma audi\u00eancia plural fortalece os trabalhos legislativos e contribui para um Plano Nacional de Pol\u00edticas para Pessoas com TEA que seja efetivo, baseado em evid\u00eancias e socialmente sens\u00edvel\u201d, afirma.<\/p>\n<p>\u00a0<\/p>\n<div><\/div>\n<p>\u00a0<\/p>","protected":false},"excerpt":{"rendered":"<p>Depositphotos Comiss\u00e3o quer construir um marco legal abrangente A comiss\u00e3o especial da C\u00e2mara dos Deputados que analisa o Projeto de Lei 3080\/20 realiza, na pr\u00f3xima ter\u00e7a-feira (24), audi\u00eancia p\u00fablica sobre diagn\u00f3stico tardio e interven\u00e7\u00f5es voltadas \u00e0s pessoas com transtorno do espectro autista (TEA). O debate ser\u00e1 realizado \u00e0s 14 horas, no plen\u00e1rio 9, e atende [&hellip;]<\/p>\n","protected":false},"author":0,"featured_media":0,"comment_status":"open","ping_status":"open","sticky":false,"template":"","format":"standard","meta":{"footnotes":""},"categories":[1],"tags":[],"_links":{"self":[{"href":"https:\/\/jeffersonisac.adv.br\/index.php\/wp-json\/wp\/v2\/posts\/15459"}],"collection":[{"href":"https:\/\/jeffersonisac.adv.br\/index.php\/wp-json\/wp\/v2\/posts"}],"about":[{"href":"https:\/\/jeffersonisac.adv.br\/index.php\/wp-json\/wp\/v2\/types\/post"}],"replies":[{"embeddable":true,"href":"https:\/\/jeffersonisac.adv.br\/index.php\/wp-json\/wp\/v2\/comments?post=15459"}],"version-history":[{"count":0,"href":"https:\/\/jeffersonisac.adv.br\/index.php\/wp-json\/wp\/v2\/posts\/15459\/revisions"}],"wp:attachment":[{"href":"https:\/\/jeffersonisac.adv.br\/index.php\/wp-json\/wp\/v2\/media?parent=15459"}],"wp:term":[{"taxonomy":"category","embeddable":true,"href":"https:\/\/jeffersonisac.adv.br\/index.php\/wp-json\/wp\/v2\/categories?post=15459"},{"taxonomy":"post_tag","embeddable":true,"href":"https:\/\/jeffersonisac.adv.br\/index.php\/wp-json\/wp\/v2\/tags?post=15459"}],"curies":[{"name":"wp","href":"https:\/\/api.w.org\/{rel}","templated":true}]}}