{"id":15460,"date":"2026-02-20T11:25:52","date_gmt":"2026-02-20T14:25:52","guid":{"rendered":"https:\/\/jeffersonisac.adv.br\/index.php\/2026\/02\/20\/comissao-vota-requerimentos-sobre-violencia-economica-contra-a-mulher-e-lei-do-feminicidio\/"},"modified":"2026-02-20T11:25:52","modified_gmt":"2026-02-20T14:25:52","slug":"comissao-vota-requerimentos-sobre-violencia-economica-contra-a-mulher-e-lei-do-feminicidio","status":"publish","type":"post","link":"https:\/\/jeffersonisac.adv.br\/index.php\/2026\/02\/20\/comissao-vota-requerimentos-sobre-violencia-economica-contra-a-mulher-e-lei-do-feminicidio\/","title":{"rendered":"Comiss\u00e3o vota requerimentos sobre viol\u00eancia econ\u00f4mica contra a mulher e Lei do Feminic\u00eddio"},"content":{"rendered":"<div class=\"image-container\">\n<div class=\"midia-creditos\"><em>Depositphotos<\/em><\/div>\n<div class=\"media-wrapper\"><\/div>\n<div class=\"midia-legenda\">Deputada quer alinhar as a\u00e7\u00f5es da comiss\u00e3o \u00e0s demandas reais das mulheres<\/div>\n<\/div>\n<p>A aplica\u00e7\u00e3o da <a href=\"https:\/\/www2.camara.leg.br\/legin\/fed\/lei\/2015\/lei-13104-9-marco-2015-780225-norma-pl.html\">Lei do Feminic\u00eddio<\/a> e o enfrentamento \u00e0 viol\u00eancia econ\u00f4mica contra a mulher estar\u00e3o no centro dos debates da primeira reuni\u00e3o do ano da Comiss\u00e3o Permanente Mista de Combate \u00e0 Viol\u00eancia Contra a Mulher, na pr\u00f3xima quarta-feira (25).<\/p>\n<p><a href=\"https:\/\/legis.senado.leg.br\/atividade\/comissoes\/comissao\/1774\/reuniao\/14410\">Veja a pauta completa<\/a><\/p>\n<p>A comiss\u00e3o analisar\u00e1 requerimentos que prop\u00f5em a realiza\u00e7\u00e3o de audi\u00eancias p\u00fablicas e de semin\u00e1rios. Em um dos documentos (<a href=\"https:\/\/www.congressonacional.leg.br\/materias\/pesquisa\/-\/materia\/172620\">REQ 1\/2026<\/a>), a presidente do colegiado, deputada Luizianne Lins (PT-CE), pede a realiza\u00e7\u00e3o de debate sobre a viol\u00eancia contra a mulher e a efetividade da Lei do Feminic\u00eddio.<\/p>\n<p>&#8220;Diante do recorde hist\u00f3rico de feminic\u00eddios registrado no \u00faltimo ano e da complexidade das novas din\u00e2micas de viol\u00eancia, \u00e9 imperativo que este colegiado inicie suas atividades ouvindo aqueles que atuam na linha de frente da prote\u00e7\u00e3o, da pesquisa e da den\u00fancia&#8221;, diz.<\/p>\n<p>Segundo a deputada, a audi\u00eancia ser\u00e1 \u201cum espa\u00e7o de escuta estrat\u00e9gica, conectando o Parlamento \u00e0 sociedade civil organizada, ao Poder Executivo e a especialistas de renome\u201d. Ela afirma, ainda, que a expectativa \u00e9 alinhar as a\u00e7\u00f5es legislativas e fiscalizadoras da comiss\u00e3o \u00e0s demandas reais das mulheres brasileiras.<\/p>\n<p>Tamb\u00e9m estar\u00e1 em an\u00e1lise o requerimento (<a href=\"https:\/\/www25.senado.leg.br\/web\/atividade\/materias\/-\/materia\/172658\">REQ 6\/2026<\/a>) da senadora Augusta Brito (PT-CE) para discutir a viol\u00eancia econ\u00f4mica contra a mulher e a import\u00e2ncia da autonomia financeira. De acordo com a senadora, o debate deve evidenciar como a depend\u00eancia financeira pode aprofundar situa\u00e7\u00f5es de vulnerabilidade e dificultar o rompimento do ciclo de viol\u00eancia.<\/p>\n<p>&#8220;A viol\u00eancia econ\u00f4mica, embora muitas vezes menos vis\u00edvel do que a agress\u00e3o f\u00edsica, atua como um mecanismo de encarceramento psicol\u00f3gico e material que anula a capacidade de decis\u00e3o da mulher&#8221;, ressalta.<\/p>\n<p>A reuni\u00e3o est\u00e1 marcada para as 14h30, no plen\u00e1rio 6 da ala Nilo Coelho, no Senado.<\/p>","protected":false},"excerpt":{"rendered":"<p>Depositphotos Deputada quer alinhar as a\u00e7\u00f5es da comiss\u00e3o \u00e0s demandas reais das mulheres A aplica\u00e7\u00e3o da Lei do Feminic\u00eddio e o enfrentamento \u00e0 viol\u00eancia econ\u00f4mica contra a mulher estar\u00e3o no centro dos debates da primeira reuni\u00e3o do ano da Comiss\u00e3o Permanente Mista de Combate \u00e0 Viol\u00eancia Contra a Mulher, na pr\u00f3xima quarta-feira (25). Veja a [&hellip;]<\/p>\n","protected":false},"author":0,"featured_media":0,"comment_status":"open","ping_status":"open","sticky":false,"template":"","format":"standard","meta":{"footnotes":""},"categories":[1],"tags":[],"_links":{"self":[{"href":"https:\/\/jeffersonisac.adv.br\/index.php\/wp-json\/wp\/v2\/posts\/15460"}],"collection":[{"href":"https:\/\/jeffersonisac.adv.br\/index.php\/wp-json\/wp\/v2\/posts"}],"about":[{"href":"https:\/\/jeffersonisac.adv.br\/index.php\/wp-json\/wp\/v2\/types\/post"}],"replies":[{"embeddable":true,"href":"https:\/\/jeffersonisac.adv.br\/index.php\/wp-json\/wp\/v2\/comments?post=15460"}],"version-history":[{"count":0,"href":"https:\/\/jeffersonisac.adv.br\/index.php\/wp-json\/wp\/v2\/posts\/15460\/revisions"}],"wp:attachment":[{"href":"https:\/\/jeffersonisac.adv.br\/index.php\/wp-json\/wp\/v2\/media?parent=15460"}],"wp:term":[{"taxonomy":"category","embeddable":true,"href":"https:\/\/jeffersonisac.adv.br\/index.php\/wp-json\/wp\/v2\/categories?post=15460"},{"taxonomy":"post_tag","embeddable":true,"href":"https:\/\/jeffersonisac.adv.br\/index.php\/wp-json\/wp\/v2\/tags?post=15460"}],"curies":[{"name":"wp","href":"https:\/\/api.w.org\/{rel}","templated":true}]}}