{"id":15461,"date":"2026-02-20T11:25:52","date_gmt":"2026-02-20T14:25:52","guid":{"rendered":"https:\/\/jeffersonisac.adv.br\/index.php\/2026\/02\/20\/termina-hoje-o-prazo-para-inscricoes-no-concurso-da-camara-dos-deputados-para-policial-legislativo\/"},"modified":"2026-02-20T11:25:52","modified_gmt":"2026-02-20T14:25:52","slug":"termina-hoje-o-prazo-para-inscricoes-no-concurso-da-camara-dos-deputados-para-policial-legislativo","status":"publish","type":"post","link":"https:\/\/jeffersonisac.adv.br\/index.php\/2026\/02\/20\/termina-hoje-o-prazo-para-inscricoes-no-concurso-da-camara-dos-deputados-para-policial-legislativo\/","title":{"rendered":"Termina hoje o prazo para inscri\u00e7\u00f5es no concurso da C\u00e2mara dos Deputados para policial legislativo"},"content":{"rendered":"<div class=\"image-container\">\n<div class=\"midia-creditos\"><em>Depositphotos<\/em><\/div>\n<div class=\"media-wrapper\"><\/div>\n<div class=\"midia-legenda\">S\u00e3o 40 vagas de provimento imediato<\/div>\n<\/div>\n<p>O prazo para se inscrever no concurso da C\u00e2mara dos Deputados para T\u00e9cnico Legislativo, especialidade Policial Legislativo Federal (PLF), com exig\u00eancia de n\u00edvel superior.<\/p>\n<p>S\u00e3o 40 vagas de provimento imediato e outras 40 em cadastro reserva. A remunera\u00e7\u00e3o inicial \u00e9 de R$ 21.328,08, incluindo adicional de periculosidade.<\/p>\n<p>As provas objetivas e discursivas est\u00e3o previstas para o dia 26 de abril e ser\u00e3o aplicadas em todas as capitais do pa\u00eds. A taxa de inscri\u00e7\u00e3o \u00e9 de R$ 150.<\/p>\n<p><strong>Confira o cronograma inicial previsto:<\/strong><\/p>\n<p>\u2981 Inscri\u00e7\u00f5es: 29\/1 a 20\/2<\/p>\n<p>\u2981 Data final para pagamento das inscri\u00e7\u00f5es: 12\/3<\/p>\n<p>\u2981 Data das provas objetivas e discursivas: 26\/4<\/p>\n<p><a href=\"https:\/\/www2.camara.leg.br\/transparencia\/recursos-humanos\/concursos\/concurso-para-policial-legislativo\">Veja o edital<\/a><\/p>\n<p><strong>O concurso ser\u00e1 dividido em etapas:<\/strong><\/p>\n<p>Primeira etapa:<br \/>\na) provas objetivas e prova discursiva;<br \/>\nb) teste de aptid\u00e3o f\u00edsica;<br \/>\nc) sindic\u00e2ncia de vida pregressa e investiga\u00e7\u00e3o social;<br \/>\nd) avalia\u00e7\u00e3o psicol\u00f3gica (primeiro momento);<br \/>\ne) avalia\u00e7\u00e3o de sa\u00fade f\u00edsica e mental.<br \/>\nSegunda etapa:<br \/>\na) programa de forma\u00e7\u00e3o profissional, incluindo segundo momento de avalia\u00e7\u00e3o psicol\u00f3gica.<\/p>\n<p>\u00a0<\/p>\n<p><a href=\"https:\/\/www2.camara.leg.br\/transparencia\/recursos-humanos\/concursos\">Veja a p\u00e1gina de Concursos<\/a><\/p>","protected":false},"excerpt":{"rendered":"<p>Depositphotos S\u00e3o 40 vagas de provimento imediato O prazo para se inscrever no concurso da C\u00e2mara dos Deputados para T\u00e9cnico Legislativo, especialidade Policial Legislativo Federal (PLF), com exig\u00eancia de n\u00edvel superior. S\u00e3o 40 vagas de provimento imediato e outras 40 em cadastro reserva. A remunera\u00e7\u00e3o inicial \u00e9 de R$ 21.328,08, incluindo adicional de periculosidade. As [&hellip;]<\/p>\n","protected":false},"author":0,"featured_media":0,"comment_status":"open","ping_status":"open","sticky":false,"template":"","format":"standard","meta":{"footnotes":""},"categories":[1],"tags":[],"_links":{"self":[{"href":"https:\/\/jeffersonisac.adv.br\/index.php\/wp-json\/wp\/v2\/posts\/15461"}],"collection":[{"href":"https:\/\/jeffersonisac.adv.br\/index.php\/wp-json\/wp\/v2\/posts"}],"about":[{"href":"https:\/\/jeffersonisac.adv.br\/index.php\/wp-json\/wp\/v2\/types\/post"}],"replies":[{"embeddable":true,"href":"https:\/\/jeffersonisac.adv.br\/index.php\/wp-json\/wp\/v2\/comments?post=15461"}],"version-history":[{"count":0,"href":"https:\/\/jeffersonisac.adv.br\/index.php\/wp-json\/wp\/v2\/posts\/15461\/revisions"}],"wp:attachment":[{"href":"https:\/\/jeffersonisac.adv.br\/index.php\/wp-json\/wp\/v2\/media?parent=15461"}],"wp:term":[{"taxonomy":"category","embeddable":true,"href":"https:\/\/jeffersonisac.adv.br\/index.php\/wp-json\/wp\/v2\/categories?post=15461"},{"taxonomy":"post_tag","embeddable":true,"href":"https:\/\/jeffersonisac.adv.br\/index.php\/wp-json\/wp\/v2\/tags?post=15461"}],"curies":[{"name":"wp","href":"https:\/\/api.w.org\/{rel}","templated":true}]}}