{"id":15462,"date":"2026-02-20T12:29:49","date_gmt":"2026-02-20T15:29:49","guid":{"rendered":"https:\/\/jeffersonisac.adv.br\/index.php\/2026\/02\/20\/projeto-autoriza-expressamente-servidores-publicos-a-advogarem-fora-do-horario-de-expediente\/"},"modified":"2026-02-20T12:29:49","modified_gmt":"2026-02-20T15:29:49","slug":"projeto-autoriza-expressamente-servidores-publicos-a-advogarem-fora-do-horario-de-expediente","status":"publish","type":"post","link":"https:\/\/jeffersonisac.adv.br\/index.php\/2026\/02\/20\/projeto-autoriza-expressamente-servidores-publicos-a-advogarem-fora-do-horario-de-expediente\/","title":{"rendered":"Projeto autoriza expressamente servidores p\u00fablicos a advogarem fora do hor\u00e1rio de expediente"},"content":{"rendered":"<div class=\"image-container\">\n<div class=\"midia-creditos\"><em>Divulga\u00e7\u00e3o<\/em><\/div>\n<div class=\"media-wrapper\"><\/div>\n<div class=\"midia-legenda\">Tavares: texto respeita a moralidade administrativa e garante o pleno exerc\u00edcio profissional<\/div>\n<\/div>\n<p>O Projeto de Lei 1748\/25 autoriza expressamente servidores p\u00fablicos civis da administra\u00e7\u00e3o direta, aut\u00e1rquica e fundacional a exercer a advocacia. A atividade dever\u00e1 ocorrer fora do hor\u00e1rio de expediente, com compatibilidade de hor\u00e1rios e sem conflitos de interesse.<\/p>\n<p>A proposta est\u00e1 em an\u00e1lise na C\u00e2mara dos Deputados.<\/p>\n<p>O texto, de autoria do deputado Marcos Tavares (PDT-RJ), estabelece requisitos espec\u00edficos para que o servidor possa advogar, como estar regularmente inscrito na Ordem dos Advogados do Brasil (OAB) e n\u00e3o ocupar cargos que j\u00e1 possuam impedimentos previstos no <a class=\"linkLegislacao\" href=\"https:\/\/www2.camara.gov.br\/legin\/fed\/lei\/1994\/lei-8906-4-julho-1994-349751-norma-pl.html\">Estatuto da Advocacia<\/a>.<\/p>\n<p><strong>Seguran\u00e7a jur\u00eddica<br \/>\n<\/strong>Segundo Marcos Tavares, a proposta preenche lacunas na legisla\u00e7\u00e3o atual e concilia o direito ao livre exerc\u00edcio profissional com os princ\u00edpios da administra\u00e7\u00e3o p\u00fablica. &#8220;A valoriza\u00e7\u00e3o do servidor p\u00fablico passa pela garantia de sua autonomia profissional, sem preju\u00edzo de seu compromisso institucional.&#8221;<\/p>\n<p>Atualmente, o Estatuto da Advocacia estabelece hip\u00f3teses de incompatibilidade para o exerc\u00edcio da advocacia por ocupantes de cargos p\u00fablicos. Marcos Tavares acredita, no entanto, que a aus\u00eancia de uma norma geral que trate de servidores cujos cargos n\u00e3o estejam entre os incompat\u00edveis gera inseguran\u00e7a e interpreta\u00e7\u00f5es divergentes.<\/p>\n<p><strong>Compatibilidade e dedica\u00e7\u00e3o exclusiva<br \/>\n<\/strong>O servidor dever\u00e1 declarar, por escrito, a compatibilidade entre a advocacia e sua fun\u00e7\u00e3o p\u00fablica, com ci\u00eancia e manifesta\u00e7\u00e3o favor\u00e1veis da chefia imediata.<\/p>\n<p>Al\u00e9m disso, o texto pro\u00edbe o servidor de advogar contra a Fazenda P\u00fablica \u00e0 qual esteja vinculado e de usar informa\u00e7\u00f5es privilegiadas obtidas no cargo.<\/p>\n<p>O projeto tamb\u00e9m permite que servidores com gratifica\u00e7\u00e3o por dedica\u00e7\u00e3o exclusiva exer\u00e7am a advocacia, desde que renunciem ao benef\u00edcio. A ren\u00fancia n\u00e3o resultar\u00e1 na perda do cargo p\u00fablico.<\/p>\n<p>O texto pro\u00edbe ainda o uso da autoriza\u00e7\u00e3o para a capta\u00e7\u00e3o indevida de clientela ou para o tr\u00e1fico de influ\u00eancia. Permanecem v\u00e1lidas as restri\u00e7\u00f5es previstas na Constitui\u00e7\u00e3o Federal e nos estatutos de carreiras jur\u00eddicas espec\u00edficas.<\/p>\n<p><strong>Pr\u00f3ximos passos<br \/>\n<\/strong>O projeto tramita, em <span class=\"termoGlossario\">car\u00e1ter conclusivo<\/span>, e ser\u00e1 analisado pelas comiss\u00f5es de Administra\u00e7\u00e3o e Servi\u00e7o P\u00fablico; e de Constitui\u00e7\u00e3o e Justi\u00e7a e de Cidadania. Para virar lei, precisa ser aprovado pela C\u00e2mara e pelo Senado Federal.<\/p>\n<p>Para virar lei, a proposta precisa ser aprovada pela C\u00e2mara e pelo Senado.<\/p>\n<p><a href=\"https:\/\/www.camara.leg.br\/noticias\/573454-SAIBA-MAIS-SOBRE-A-TRAMITACAO-DE-PROJETOS-DE-LEI\">Saiba mais sobre a tramita\u00e7\u00e3o de projetos de lei<\/a><\/p>","protected":false},"excerpt":{"rendered":"<p>Divulga\u00e7\u00e3o Tavares: texto respeita a moralidade administrativa e garante o pleno exerc\u00edcio profissional O Projeto de Lei 1748\/25 autoriza expressamente servidores p\u00fablicos civis da administra\u00e7\u00e3o direta, aut\u00e1rquica e fundacional a exercer a advocacia. A atividade dever\u00e1 ocorrer fora do hor\u00e1rio de expediente, com compatibilidade de hor\u00e1rios e sem conflitos de interesse. A proposta est\u00e1 em [&hellip;]<\/p>\n","protected":false},"author":0,"featured_media":0,"comment_status":"open","ping_status":"open","sticky":false,"template":"","format":"standard","meta":{"footnotes":""},"categories":[1],"tags":[],"_links":{"self":[{"href":"https:\/\/jeffersonisac.adv.br\/index.php\/wp-json\/wp\/v2\/posts\/15462"}],"collection":[{"href":"https:\/\/jeffersonisac.adv.br\/index.php\/wp-json\/wp\/v2\/posts"}],"about":[{"href":"https:\/\/jeffersonisac.adv.br\/index.php\/wp-json\/wp\/v2\/types\/post"}],"replies":[{"embeddable":true,"href":"https:\/\/jeffersonisac.adv.br\/index.php\/wp-json\/wp\/v2\/comments?post=15462"}],"version-history":[{"count":0,"href":"https:\/\/jeffersonisac.adv.br\/index.php\/wp-json\/wp\/v2\/posts\/15462\/revisions"}],"wp:attachment":[{"href":"https:\/\/jeffersonisac.adv.br\/index.php\/wp-json\/wp\/v2\/media?parent=15462"}],"wp:term":[{"taxonomy":"category","embeddable":true,"href":"https:\/\/jeffersonisac.adv.br\/index.php\/wp-json\/wp\/v2\/categories?post=15462"},{"taxonomy":"post_tag","embeddable":true,"href":"https:\/\/jeffersonisac.adv.br\/index.php\/wp-json\/wp\/v2\/tags?post=15462"}],"curies":[{"name":"wp","href":"https:\/\/api.w.org\/{rel}","templated":true}]}}