{"id":15463,"date":"2026-02-20T12:29:49","date_gmt":"2026-02-20T15:29:49","guid":{"rendered":"https:\/\/jeffersonisac.adv.br\/index.php\/2026\/02\/20\/comissao-debate-implementacao-da-politica-nacional-de-prevencao-e-controle-do-cancer\/"},"modified":"2026-02-20T12:29:49","modified_gmt":"2026-02-20T15:29:49","slug":"comissao-debate-implementacao-da-politica-nacional-de-prevencao-e-controle-do-cancer","status":"publish","type":"post","link":"https:\/\/jeffersonisac.adv.br\/index.php\/2026\/02\/20\/comissao-debate-implementacao-da-politica-nacional-de-prevencao-e-controle-do-cancer\/","title":{"rendered":"Comiss\u00e3o debate implementa\u00e7\u00e3o da Pol\u00edtica Nacional de Preven\u00e7\u00e3o e Controle do C\u00e2ncer"},"content":{"rendered":"<div class=\"image-container\">\n<div class=\"midia-creditos\"><em>Zeca Ribeiro \/ C\u00e2mara dos Deputados<\/em><\/div>\n<div class=\"media-wrapper\"><\/div>\n<div class=\"midia-legenda\">Weliton Prado prop\u00f4s a realiza\u00e7\u00e3o do debate<\/div>\n<\/div>\n<p>A comiss\u00e3o especial da C\u00e2mara dos Deputados criada para acompanhar as a\u00e7\u00f5es de combate ao c\u00e2ncer no Brasil re\u00fane-se na ter\u00e7a-feira (24) para debater a implementa\u00e7\u00e3o da pol\u00edtica nacional de preven\u00e7\u00e3o e controle da doen\u00e7a.<\/p>\n<p>O debate ser\u00e1 realizado \u00e0s 14h30, no plen\u00e1rio 10.<\/p>\n<p><a href=\"https:\/\/www.camara.leg.br\/evento-legislativo\/74889\">Veja quem foi convidado<\/a><\/p>\n<p>A audi\u00eancia p\u00fablica atende a pedido do deputado Weliton Prado (Solidariedade-MG). Ele lembra que a Pol\u00edtica Nacional de Preven\u00e7\u00e3o e Controle do C\u00e2ncer, institu\u00edda pela <a class=\"linkLegislacao\" href=\"https:\/\/www2.camara.gov.br\/legin\/fed\/lei\/2023\/lei-14758-19-dezembro-2023-795082-norma-pl.html\">Lei 14.758\/23<\/a>, \u00e9 fruto da mobiliza\u00e7\u00e3o do Parlamento e da sociedade.<\/p>\n<p>A legisla\u00e7\u00e3o busca reduzir a incid\u00eancia, a mortalidade e as incapacidades decorrentes do c\u00e2ncer. &#8220;A preven\u00e7\u00e3o e o diagn\u00f3stico precoce s\u00e3o os melhores rem\u00e9dios contra a doen\u00e7a&#8221;, diz o Weliton Prado.<\/p>\n<p>Ele quer ouvir o Minist\u00e9rio da Sa\u00fade e o Instituto Nacional de C\u00e2ncer (INCA) sobre as medidas adotadas para o bem-estar da popula\u00e7\u00e3o.<\/p>\n<p>&#8220;\u00c9 urgente conhecer as a\u00e7\u00f5es que est\u00e3o sendo feitas para uma efetiva aplica\u00e7\u00e3o da Pol\u00edtica Nacional de Preven\u00e7\u00e3o e Controle do C\u00e2ncer aos usu\u00e1rios do Sistema \u00danico de Sa\u00fade (SUS)\u201d, afirma.<\/p>\n<p>\u00a0<\/p>\n<div><\/div>\n<p>\u00a0<\/p>\n<p>\u00a0<\/p>\n<p>\u00a0<\/p>","protected":false},"excerpt":{"rendered":"<p>Zeca Ribeiro \/ C\u00e2mara dos Deputados Weliton Prado prop\u00f4s a realiza\u00e7\u00e3o do debate A comiss\u00e3o especial da C\u00e2mara dos Deputados criada para acompanhar as a\u00e7\u00f5es de combate ao c\u00e2ncer no Brasil re\u00fane-se na ter\u00e7a-feira (24) para debater a implementa\u00e7\u00e3o da pol\u00edtica nacional de preven\u00e7\u00e3o e controle da doen\u00e7a. O debate ser\u00e1 realizado \u00e0s 14h30, no [&hellip;]<\/p>\n","protected":false},"author":0,"featured_media":0,"comment_status":"open","ping_status":"open","sticky":false,"template":"","format":"standard","meta":{"footnotes":""},"categories":[1],"tags":[],"_links":{"self":[{"href":"https:\/\/jeffersonisac.adv.br\/index.php\/wp-json\/wp\/v2\/posts\/15463"}],"collection":[{"href":"https:\/\/jeffersonisac.adv.br\/index.php\/wp-json\/wp\/v2\/posts"}],"about":[{"href":"https:\/\/jeffersonisac.adv.br\/index.php\/wp-json\/wp\/v2\/types\/post"}],"replies":[{"embeddable":true,"href":"https:\/\/jeffersonisac.adv.br\/index.php\/wp-json\/wp\/v2\/comments?post=15463"}],"version-history":[{"count":0,"href":"https:\/\/jeffersonisac.adv.br\/index.php\/wp-json\/wp\/v2\/posts\/15463\/revisions"}],"wp:attachment":[{"href":"https:\/\/jeffersonisac.adv.br\/index.php\/wp-json\/wp\/v2\/media?parent=15463"}],"wp:term":[{"taxonomy":"category","embeddable":true,"href":"https:\/\/jeffersonisac.adv.br\/index.php\/wp-json\/wp\/v2\/categories?post=15463"},{"taxonomy":"post_tag","embeddable":true,"href":"https:\/\/jeffersonisac.adv.br\/index.php\/wp-json\/wp\/v2\/tags?post=15463"}],"curies":[{"name":"wp","href":"https:\/\/api.w.org\/{rel}","templated":true}]}}