{"id":15465,"date":"2026-02-20T14:24:49","date_gmt":"2026-02-20T17:24:49","guid":{"rendered":"https:\/\/jeffersonisac.adv.br\/index.php\/2026\/02\/20\/projeto-retira-do-codigo-de-processo-penal-ambiguidade-sobre-indicacao-de-provas\/"},"modified":"2026-02-20T14:24:49","modified_gmt":"2026-02-20T17:24:49","slug":"projeto-retira-do-codigo-de-processo-penal-ambiguidade-sobre-indicacao-de-provas","status":"publish","type":"post","link":"https:\/\/jeffersonisac.adv.br\/index.php\/2026\/02\/20\/projeto-retira-do-codigo-de-processo-penal-ambiguidade-sobre-indicacao-de-provas\/","title":{"rendered":"Projeto retira do C\u00f3digo de Processo Penal ambiguidade sobre indica\u00e7\u00e3o de provas"},"content":{"rendered":"<div class=\"image-container\">\n<div class=\"midia-creditos\"><em>Kayo Magalh\u00e3es \/ C\u00e2mara dos Deputados<\/em><\/div>\n<div class=\"media-wrapper\"><\/div>\n<div class=\"midia-legenda\">Tadeu Veneri: a medida visa afastar d\u00favida interpretativa<\/div>\n<\/div>\n<p><span>O Projeto de Lei 6509\/25, do deputado Tadeu Veneri (PT-PR), busca tirar a ambiguidade de trecho do\u00a0<a href=\"https:\/\/www2.camara.leg.br\/legin\/fed\/declei\/1940-1949\/decreto-lei-3689-3-outubro-1941-322206-norma-pe.html\" target=\"_blank\" rel=\"noopener\">C\u00f3digo de Processo Penal<\/a> quanto \u00e0 possibilidade de a defesa listar testemunhas, juntar documentos e indicar provas em um processo.<\/span><\/p>\n<p>Atualmente, segundo Veneri, o texto da lei admite interpreta\u00e7\u00e3o dupla. Uma indica que caberia ao acusado justificar a necessidade da intima\u00e7\u00e3o de suas testemunhas perante o ju\u00edzo.<\/p>\n<p>&#8220;\u00c9 preciso corrigir essa imprecis\u00e3o para impedir a aplica\u00e7\u00e3o do entendimento minorit\u00e1rio, totalmente restritivo ao exerc\u00edcio do direito de defesa&#8221;, ressalta.<\/p>\n<p>O deputado afirma que a mudan\u00e7a refor\u00e7a a ideia de que a avalia\u00e7\u00e3o da pertin\u00eancia dos atos de defesa cabe exclusivamente ao acusado e ao seu defensor, n\u00e3o podendo o ju\u00edzo impor condicionantes n\u00e3o previstos em lei.<\/p>\n<p>&#8220;A medida visa afastar d\u00favida interpretativa, corrigindo uma reda\u00e7\u00e3o amb\u00edgua e fortalecendo as garantias fundamentais no processo penal brasileiro&#8221;, diz.<\/p>\n<p><strong>Pr\u00f3ximos passos<\/strong><br \/>\nA proposta ser\u00e1 analisada, em <span class=\"termoGlossario\">car\u00e1ter conclusivo<\/span>, pela Comiss\u00e3o de Constitui\u00e7\u00e3o e Justi\u00e7a e de Cidadania.<\/p>\n<p>Para virar lei, precisa ser aprovada pela C\u00e2mara e pelo Senado.<\/p>\n<p><a href=\"https:\/\/www.camara.leg.br\/noticias\/573454-SAIBA-MAIS-SOBRE-A-TRAMITACAO-DE-PROJETOS-DE-LEI\">Saiba mais sobre a tramita\u00e7\u00e3o de projetos de lei<\/a><\/p>","protected":false},"excerpt":{"rendered":"<p>Kayo Magalh\u00e3es \/ C\u00e2mara dos Deputados Tadeu Veneri: a medida visa afastar d\u00favida interpretativa O Projeto de Lei 6509\/25, do deputado Tadeu Veneri (PT-PR), busca tirar a ambiguidade de trecho do\u00a0C\u00f3digo de Processo Penal quanto \u00e0 possibilidade de a defesa listar testemunhas, juntar documentos e indicar provas em um processo. Atualmente, segundo Veneri, o texto [&hellip;]<\/p>\n","protected":false},"author":0,"featured_media":0,"comment_status":"open","ping_status":"open","sticky":false,"template":"","format":"standard","meta":{"footnotes":""},"categories":[1],"tags":[],"_links":{"self":[{"href":"https:\/\/jeffersonisac.adv.br\/index.php\/wp-json\/wp\/v2\/posts\/15465"}],"collection":[{"href":"https:\/\/jeffersonisac.adv.br\/index.php\/wp-json\/wp\/v2\/posts"}],"about":[{"href":"https:\/\/jeffersonisac.adv.br\/index.php\/wp-json\/wp\/v2\/types\/post"}],"replies":[{"embeddable":true,"href":"https:\/\/jeffersonisac.adv.br\/index.php\/wp-json\/wp\/v2\/comments?post=15465"}],"version-history":[{"count":0,"href":"https:\/\/jeffersonisac.adv.br\/index.php\/wp-json\/wp\/v2\/posts\/15465\/revisions"}],"wp:attachment":[{"href":"https:\/\/jeffersonisac.adv.br\/index.php\/wp-json\/wp\/v2\/media?parent=15465"}],"wp:term":[{"taxonomy":"category","embeddable":true,"href":"https:\/\/jeffersonisac.adv.br\/index.php\/wp-json\/wp\/v2\/categories?post=15465"},{"taxonomy":"post_tag","embeddable":true,"href":"https:\/\/jeffersonisac.adv.br\/index.php\/wp-json\/wp\/v2\/tags?post=15465"}],"curies":[{"name":"wp","href":"https:\/\/api.w.org\/{rel}","templated":true}]}}