{"id":15466,"date":"2026-02-20T14:24:49","date_gmt":"2026-02-20T17:24:49","guid":{"rendered":"https:\/\/jeffersonisac.adv.br\/index.php\/2026\/02\/20\/projeto-garante-acesso-a-banheiros-de-predios-publicos-e-do-comercio-a-trabalhadores-que-atuam-ao-ar-livre\/"},"modified":"2026-02-20T14:24:49","modified_gmt":"2026-02-20T17:24:49","slug":"projeto-garante-acesso-a-banheiros-de-predios-publicos-e-do-comercio-a-trabalhadores-que-atuam-ao-ar-livre","status":"publish","type":"post","link":"https:\/\/jeffersonisac.adv.br\/index.php\/2026\/02\/20\/projeto-garante-acesso-a-banheiros-de-predios-publicos-e-do-comercio-a-trabalhadores-que-atuam-ao-ar-livre\/","title":{"rendered":"Projeto garante acesso a banheiros de pr\u00e9dios p\u00fablicos e do com\u00e9rcio a trabalhadores que atuam ao ar livre"},"content":{"rendered":"<div class=\"image-container\">\n<div class=\"midia-creditos\"><em>Kayo Magalh\u00e3es\/C\u00e2mara dos Deputados<\/em><\/div>\n<div class=\"media-wrapper\"><\/div>\n<div class=\"midia-legenda\">Duda Ramos: objetivo \u00e9 reduzir risco de doen\u00e7as e melhor qualidade de vida de funcion\u00e1rios<\/div>\n<\/div>\n<p>O Projeto de Lei 6766\/25 assegura que trabalhadores que atuam ao ar livre nas ruas, como garis e profissionais de limpeza urbana, possam usar banheiros de pr\u00e9dios p\u00fablicos e de estabelecimentos comerciais.<\/p>\n<p>A proposta est\u00e1 em an\u00e1lise na C\u00e2mara dos Deputados.<\/p>\n<p>O benef\u00edcio vale para funcion\u00e1rios que atuam:<\/p>\n<p>na limpeza e manuten\u00e7\u00e3o de vias p\u00fablicas;<br \/>\nna varri\u00e7\u00e3o e na capina; e<br \/>\nem caminh\u00f5es de coleta de res\u00edduos.<\/p>\n<p>Pelo texto, pr\u00e9dios p\u00fablicos e privados devem assegurar o livre acesso desses trabalhadores aos sanit\u00e1rios, podendo, para tanto, instalar banheiros qu\u00edmicos ou firmar parcerias com o com\u00e9rcio local.<\/p>\n<p>Se o trabalhador precisar pagar para usar um banheiro, o empregador dever\u00e1 devolver o valor pago.<\/p>\n<p>O autor do projeto, deputado Duda Ramos (MDB-RR), afirma que a medida busca garantir condi\u00e7\u00f5es m\u00ednimas de higiene e sa\u00fade para quem trabalha exposto ao tempo em logradouros p\u00fablicos.<\/p>\n<p>\u201cAo garantir o acesso regular a instala\u00e7\u00f5es sanit\u00e1rias, a proposta minimiza o risco de doen\u00e7as e melhora a qualidade de vida no trabalho&#8221;, justifica o parlamentar.<\/p>\n<p><strong>Pr\u00f3ximas etapas<br \/>\n<\/strong>O projeto ser\u00e1 analisado, em <span class=\"termoGlossario\">car\u00e1ter conclusivo<\/span>, pelas comiss\u00f5es de Trabalho; e de Constitui\u00e7\u00e3o e Justi\u00e7a e de Cidadania.<\/p>\n<p>Para virar lei, precisa ser aprovado pela C\u00e2mara e pelo Senado.<\/p>\n<p><a href=\"https:\/\/www.camara.leg.br\/noticias\/573454-SAIBA-MAIS-SOBRE-A-TRAMITACAO-DE-PROJETOS-DE-LEI\">Saiba mais sobre a tramita\u00e7\u00e3o de projetos de lei<\/a><\/p>","protected":false},"excerpt":{"rendered":"<p>Kayo Magalh\u00e3es\/C\u00e2mara dos Deputados Duda Ramos: objetivo \u00e9 reduzir risco de doen\u00e7as e melhor qualidade de vida de funcion\u00e1rios O Projeto de Lei 6766\/25 assegura que trabalhadores que atuam ao ar livre nas ruas, como garis e profissionais de limpeza urbana, possam usar banheiros de pr\u00e9dios p\u00fablicos e de estabelecimentos comerciais. A proposta est\u00e1 em [&hellip;]<\/p>\n","protected":false},"author":0,"featured_media":0,"comment_status":"open","ping_status":"open","sticky":false,"template":"","format":"standard","meta":{"footnotes":""},"categories":[1],"tags":[],"_links":{"self":[{"href":"https:\/\/jeffersonisac.adv.br\/index.php\/wp-json\/wp\/v2\/posts\/15466"}],"collection":[{"href":"https:\/\/jeffersonisac.adv.br\/index.php\/wp-json\/wp\/v2\/posts"}],"about":[{"href":"https:\/\/jeffersonisac.adv.br\/index.php\/wp-json\/wp\/v2\/types\/post"}],"replies":[{"embeddable":true,"href":"https:\/\/jeffersonisac.adv.br\/index.php\/wp-json\/wp\/v2\/comments?post=15466"}],"version-history":[{"count":0,"href":"https:\/\/jeffersonisac.adv.br\/index.php\/wp-json\/wp\/v2\/posts\/15466\/revisions"}],"wp:attachment":[{"href":"https:\/\/jeffersonisac.adv.br\/index.php\/wp-json\/wp\/v2\/media?parent=15466"}],"wp:term":[{"taxonomy":"category","embeddable":true,"href":"https:\/\/jeffersonisac.adv.br\/index.php\/wp-json\/wp\/v2\/categories?post=15466"},{"taxonomy":"post_tag","embeddable":true,"href":"https:\/\/jeffersonisac.adv.br\/index.php\/wp-json\/wp\/v2\/tags?post=15466"}],"curies":[{"name":"wp","href":"https:\/\/api.w.org\/{rel}","templated":true}]}}