{"id":15467,"date":"2026-02-20T15:26:36","date_gmt":"2026-02-20T18:26:36","guid":{"rendered":"https:\/\/jeffersonisac.adv.br\/index.php\/2026\/02\/20\/projeto-preve-parcelas-extras-de-seguro-desemprego-para-trabalhador-a-espera-de-filho\/"},"modified":"2026-02-20T15:26:36","modified_gmt":"2026-02-20T18:26:36","slug":"projeto-preve-parcelas-extras-de-seguro-desemprego-para-trabalhador-a-espera-de-filho","status":"publish","type":"post","link":"https:\/\/jeffersonisac.adv.br\/index.php\/2026\/02\/20\/projeto-preve-parcelas-extras-de-seguro-desemprego-para-trabalhador-a-espera-de-filho\/","title":{"rendered":"Projeto prev\u00ea parcelas extras de seguro-desemprego para trabalhador \u00e0 espera de filho"},"content":{"rendered":"<div class=\"image-container\">\n<div class=\"midia-creditos\"><em>Zeca Ribeiro<\/em><\/div>\n<div class=\"media-wrapper\"><\/div>\n<div class=\"midia-legenda\">Duda Ramos, autor da proposta<\/div>\n<\/div>\n<p>O Projeto de Lei 6847\/25 concede tr\u00eas parcelas a mais de seguro-desemprego para o trabalhador que espera o nascimento de filho. A C\u00e2mara dos Deputados analisa a proposta.<\/p>\n<p>Pelo texto, as parcelas adicionais ter\u00e3o o mesmo valor das regulares e ser\u00e3o pagas automaticamente ap\u00f3s o t\u00e9rmino do benef\u00edcio original a que o trabalhador tem direito.<\/p>\n<p>Para receber o adicional, o interessado precisa comprovar:<\/p>\n<p>desemprego involunt\u00e1rio, ou seja, demiss\u00e3o sem justa causa; e<br \/>\ngesta\u00e7\u00e3o em curso: laudo ou exame m\u00e9dico com identifica\u00e7\u00e3o da gestante (ou, no caso do pai, prova de casamento, uni\u00e3o est\u00e1vel ou declara\u00e7\u00e3o dela).<\/p>\n<p>Autor do projeto, o deputado Duda Ramos (MDB-RR) ressalta que o objetivo \u00e9 ampliar a prote\u00e7\u00e3o social em um per\u00edodo de alta vulnerabilidade econ\u00f4mica para a fam\u00edlia.<\/p>\n<p>\u201cA chegada de um filho envolve gastos inevit\u00e1veis com sa\u00fade, alimenta\u00e7\u00e3o, transporte, enxoval, exames, medicamentos, pr\u00e9-natal e equipamentos b\u00e1sicos. A insufici\u00eancia da rede de prote\u00e7\u00e3o nesse momento leva milhares de lares ao colapso emocional e financeiro, impactando diretamente o bem-estar da gestante e do rec\u00e9m-nascido\u201d, diz.<\/p>\n<p>Por fim, o projeto estabelece que as parcelas extras t\u00eam car\u00e1ter assistencial e n\u00e3o impedem novos pedidos de seguro-desemprego no futuro.<\/p>\n<p><strong>Pr\u00f3ximas etapas<\/strong><br \/>\nA proposta ser\u00e1 analisada, em <span class=\"termoGlossario\">car\u00e1ter conclusivo<\/span>, pelas comiss\u00f5es de Trabalho; de Finan\u00e7as e Tributa\u00e7\u00e3o; e de Constitui\u00e7\u00e3o e Justi\u00e7a e de Cidadania.<\/p>\n<p>Para virar lei, o texto deve ser aprovado pela C\u00e2mara e pelo Senado.<\/p>\n<p><a href=\"https:\/\/www.camara.leg.br\/noticias\/573454-SAIBA-MAIS-SOBRE-A-TRAMITACAO-DE-PROJETOS-DE-LEI\">Saiba mais sobre a tramita\u00e7\u00e3o de projetos de lei<\/a><\/p>","protected":false},"excerpt":{"rendered":"<p>Zeca Ribeiro Duda Ramos, autor da proposta O Projeto de Lei 6847\/25 concede tr\u00eas parcelas a mais de seguro-desemprego para o trabalhador que espera o nascimento de filho. A C\u00e2mara dos Deputados analisa a proposta. Pelo texto, as parcelas adicionais ter\u00e3o o mesmo valor das regulares e ser\u00e3o pagas automaticamente ap\u00f3s o t\u00e9rmino do benef\u00edcio [&hellip;]<\/p>\n","protected":false},"author":0,"featured_media":0,"comment_status":"open","ping_status":"open","sticky":false,"template":"","format":"standard","meta":{"footnotes":""},"categories":[1],"tags":[],"_links":{"self":[{"href":"https:\/\/jeffersonisac.adv.br\/index.php\/wp-json\/wp\/v2\/posts\/15467"}],"collection":[{"href":"https:\/\/jeffersonisac.adv.br\/index.php\/wp-json\/wp\/v2\/posts"}],"about":[{"href":"https:\/\/jeffersonisac.adv.br\/index.php\/wp-json\/wp\/v2\/types\/post"}],"replies":[{"embeddable":true,"href":"https:\/\/jeffersonisac.adv.br\/index.php\/wp-json\/wp\/v2\/comments?post=15467"}],"version-history":[{"count":0,"href":"https:\/\/jeffersonisac.adv.br\/index.php\/wp-json\/wp\/v2\/posts\/15467\/revisions"}],"wp:attachment":[{"href":"https:\/\/jeffersonisac.adv.br\/index.php\/wp-json\/wp\/v2\/media?parent=15467"}],"wp:term":[{"taxonomy":"category","embeddable":true,"href":"https:\/\/jeffersonisac.adv.br\/index.php\/wp-json\/wp\/v2\/categories?post=15467"},{"taxonomy":"post_tag","embeddable":true,"href":"https:\/\/jeffersonisac.adv.br\/index.php\/wp-json\/wp\/v2\/tags?post=15467"}],"curies":[{"name":"wp","href":"https:\/\/api.w.org\/{rel}","templated":true}]}}