{"id":15469,"date":"2026-02-20T16:27:54","date_gmt":"2026-02-20T19:27:54","guid":{"rendered":"https:\/\/jeffersonisac.adv.br\/index.php\/2026\/02\/20\/projeto-permite-uso-do-fgts-para-tratamento-de-saude-de-animais-de-estimacao\/"},"modified":"2026-02-20T16:27:54","modified_gmt":"2026-02-20T19:27:54","slug":"projeto-permite-uso-do-fgts-para-tratamento-de-saude-de-animais-de-estimacao","status":"publish","type":"post","link":"https:\/\/jeffersonisac.adv.br\/index.php\/2026\/02\/20\/projeto-permite-uso-do-fgts-para-tratamento-de-saude-de-animais-de-estimacao\/","title":{"rendered":"Projeto permite uso do FGTS para tratamento de sa\u00fade de animais de estima\u00e7\u00e3o"},"content":{"rendered":"<div class=\"image-container\">\n<div class=\"midia-creditos\"><em>Kayo Magalh\u00e3es\/C\u00e2mara dos Deputados<\/em><\/div>\n<div class=\"media-wrapper\"><\/div>\n<div class=\"midia-legenda\">Duda Ramos, autor da proposta<\/div>\n<\/div>\n<p>O Projeto de Lei 6772\/25 permite que o trabalhador utilize recursos da conta vinculada do Fundo de Garantia do Tempo de Servi\u00e7o (FGTS) para custear gastos com o tratamento de doen\u00e7as graves do seu animal de estima\u00e7\u00e3o. O texto, que est\u00e1 sendo analisado pela C\u00e2mara dos Deputados, altera a legisla\u00e7\u00e3o atual do fundo para incluir essa possibilidade de saque.<\/p>\n<p>Pelo texto, a movimenta\u00e7\u00e3o ser\u00e1 permitida para animais de propriedade do trabalhador ou sob sua responsabilidade. Para liberar o recurso, o interessado dever\u00e1 apresentar:<\/p>\n<p>comprova\u00e7\u00e3o da propriedade ou guarda do animal;<br \/>\nlaudo t\u00e9cnico emitido por m\u00e9dico-veterin\u00e1rio comprovando a doen\u00e7a grave; e<br \/>\nor\u00e7amento ou relat\u00f3rio dos custos estimados para o tratamento.<\/p>\n<p><strong>Doen\u00e7as graves<\/strong><br \/>\nO projeto lista como doen\u00e7as graves que permitem o saque: neoplasias malignas (c\u00e2ncer), doen\u00e7as infecciosas com risco de morte e insufici\u00eancias org\u00e2nicas irrevers\u00edveis ou em est\u00e1gio avan\u00e7ado.<\/p>\n<p>Doen\u00e7as raras, degenerativas ou incapacitantes tamb\u00e9m poder\u00e3o ser inclu\u00eddas ap\u00f3s regulamenta\u00e7\u00e3o do Minist\u00e9rio da Agricultura e Pecu\u00e1ria e do Conselho Federal de Medicina Veterin\u00e1ria.<\/p>\n<p>O autor do projeto, deputado Duda Ramos (MDB-RR), argumenta que a medida reconhece a realidade das &#8220;fam\u00edlias multiesp\u00e9cie&#8221; no Brasil, onde animais s\u00e3o tratados como membros do n\u00facleo familiar. &#8220;Atualmente, milhares de fam\u00edlias veem seus animais morrerem por falta de condi\u00e7\u00f5es de custear o tratamento&#8221;, afirma o deputado.<\/p>\n<p><strong>Limites e regras<\/strong><br \/>\nPelo texto, o saque poder\u00e1 ser realizado uma vez por ano por animal, exceto em casos de reaparecimento ou agravamento da doen\u00e7a. O valor m\u00e1ximo do saque ainda ser\u00e1 definido pelo Poder Executivo em regulamenta\u00e7\u00e3o posterior.<\/p>\n<p><strong>Pr\u00f3ximas etapas<\/strong><br \/>\nA proposta ser\u00e1 analisada, em <span class=\"termoGlossario\">car\u00e1ter conclusivo<\/span>, pelas comiss\u00f5es de Trabalho; de Finan\u00e7as e Tributa\u00e7\u00e3o; e de Constitui\u00e7\u00e3o e Justi\u00e7a e de Cidadania.<\/p>\n<p>Para virar lei, o texto deve ser aprovado pela C\u00e2mara e pelo Senado.<\/p>\n<p><a href=\"https:\/\/www.camara.leg.br\/noticias\/573454-SAIBA-MAIS-SOBRE-A-TRAMITACAO-DE-PROJETOS-DE-LEI\">Saiba mais sobre a tramita\u00e7\u00e3o de projetos de lei<\/a><\/p>","protected":false},"excerpt":{"rendered":"<p>Kayo Magalh\u00e3es\/C\u00e2mara dos Deputados Duda Ramos, autor da proposta O Projeto de Lei 6772\/25 permite que o trabalhador utilize recursos da conta vinculada do Fundo de Garantia do Tempo de Servi\u00e7o (FGTS) para custear gastos com o tratamento de doen\u00e7as graves do seu animal de estima\u00e7\u00e3o. O texto, que est\u00e1 sendo analisado pela C\u00e2mara dos [&hellip;]<\/p>\n","protected":false},"author":0,"featured_media":0,"comment_status":"open","ping_status":"open","sticky":false,"template":"","format":"standard","meta":{"footnotes":""},"categories":[1],"tags":[],"_links":{"self":[{"href":"https:\/\/jeffersonisac.adv.br\/index.php\/wp-json\/wp\/v2\/posts\/15469"}],"collection":[{"href":"https:\/\/jeffersonisac.adv.br\/index.php\/wp-json\/wp\/v2\/posts"}],"about":[{"href":"https:\/\/jeffersonisac.adv.br\/index.php\/wp-json\/wp\/v2\/types\/post"}],"replies":[{"embeddable":true,"href":"https:\/\/jeffersonisac.adv.br\/index.php\/wp-json\/wp\/v2\/comments?post=15469"}],"version-history":[{"count":0,"href":"https:\/\/jeffersonisac.adv.br\/index.php\/wp-json\/wp\/v2\/posts\/15469\/revisions"}],"wp:attachment":[{"href":"https:\/\/jeffersonisac.adv.br\/index.php\/wp-json\/wp\/v2\/media?parent=15469"}],"wp:term":[{"taxonomy":"category","embeddable":true,"href":"https:\/\/jeffersonisac.adv.br\/index.php\/wp-json\/wp\/v2\/categories?post=15469"},{"taxonomy":"post_tag","embeddable":true,"href":"https:\/\/jeffersonisac.adv.br\/index.php\/wp-json\/wp\/v2\/tags?post=15469"}],"curies":[{"name":"wp","href":"https:\/\/api.w.org\/{rel}","templated":true}]}}