{"id":15470,"date":"2026-02-20T16:27:54","date_gmt":"2026-02-20T19:27:54","guid":{"rendered":"https:\/\/jeffersonisac.adv.br\/index.php\/2026\/02\/20\/proposta-cria-incentivos-fiscais-para-empresas-que-investirem-em-creches\/"},"modified":"2026-02-20T16:27:54","modified_gmt":"2026-02-20T19:27:54","slug":"proposta-cria-incentivos-fiscais-para-empresas-que-investirem-em-creches","status":"publish","type":"post","link":"https:\/\/jeffersonisac.adv.br\/index.php\/2026\/02\/20\/proposta-cria-incentivos-fiscais-para-empresas-que-investirem-em-creches\/","title":{"rendered":"Proposta cria incentivos fiscais para empresas que investirem em creches"},"content":{"rendered":"<div class=\"image-container\">\n<div class=\"midia-creditos\"><em>Zeca Ribeiro<\/em><\/div>\n<div class=\"media-wrapper\"><\/div>\n<div class=\"midia-legenda\">Deputado Duda Ramos, autor do projeto de lei<\/div>\n<\/div>\n<p>O Projeto de Lei 7023\/25 cria incentivos fiscais para empresas que investirem na constru\u00e7\u00e3o, na manuten\u00e7\u00e3o ou no custeio de creches para os filhos de seus funcion\u00e1rios. A C\u00e2mara dos Deputados analisa a proposta.<\/p>\n<p>O projeto, do deputado Duda Ramos (MDB-RR), busca facilitar a perman\u00eancia de pais e m\u00e3es no mercado de trabalho e apoiar o desenvolvimento infantil.<\/p>\n<p>Pelo texto, empresas que declaram o Imposto de Renda pelo lucro real poder\u00e3o deduzir os gastos realizados com:<\/p>\n<p>constru\u00e7\u00e3o, reforma ou amplia\u00e7\u00e3o de creches pr\u00f3prias no local de trabalho;<br \/>\nmanuten\u00e7\u00e3o das unidades, incluindo gastos com pessoal, alimenta\u00e7\u00e3o e material pedag\u00f3gico;<br \/>\npagamento de vagas em creches conveniadas para os dependentes dos empregados;<br \/>\ncontribui\u00e7\u00f5es para creches compartilhadas entre v\u00e1rias empresas.<\/p>\n<p>Para receber o incentivo, as empresas precisam comprovar os gastos com documentos, conforme regulamento.<\/p>\n<p>Segundo o autor da proposta, a medida utiliza instrumentos fiscais para conciliar o desenvolvimento econ\u00f4mico com a responsabilidade social e a prote\u00e7\u00e3o \u00e0 primeira inf\u00e2ncia. \u201cA aus\u00eancia de vagas em creches p\u00fablicas e privadas afeta diretamente a renda das fam\u00edlias, a produtividade das empresas e o desenvolvimento das crian\u00e7as, gerando impactos sociais e econ\u00f4micos amplamente reconhecidos\u201d, afirma o deputado.<\/p>\n<p>O texto estabelece que a dedu\u00e7\u00e3o poder\u00e1 ser 50% maior se as vagas forem para:<\/p>\n<p>crian\u00e7as de at\u00e9 3 anos;<br \/>\nque priorizarem filhos de mulheres trabalhadoras; ou<br \/>\natenderem fam\u00edlias de baixa renda.<\/p>\n<p><strong>Pr\u00f3ximas etapas<br \/>\n<\/strong>\u00a0A proposta ser\u00e1 analisada, em <span class=\"termoGlossario\">car\u00e1ter conclusivo<\/span>, pelas comiss\u00f5es de Trabalho; de Finan\u00e7as e Tributa\u00e7\u00e3o; e de Constitui\u00e7\u00e3o e Justi\u00e7a e de Cidadania. Para virar lei, o texto deve ser aprovado pela C\u00e2mara e pelo Senado.<\/p>\n<p><a href=\"https:\/\/www.camara.leg.br\/noticias\/573454-SAIBA-MAIS-SOBRE-A-TRAMITACAO-DE-PROJETOS-DE-LEI\">Saiba mais sobre a tramita\u00e7\u00e3o de projetos de lei<\/a><\/p>","protected":false},"excerpt":{"rendered":"<p>Zeca Ribeiro Deputado Duda Ramos, autor do projeto de lei O Projeto de Lei 7023\/25 cria incentivos fiscais para empresas que investirem na constru\u00e7\u00e3o, na manuten\u00e7\u00e3o ou no custeio de creches para os filhos de seus funcion\u00e1rios. A C\u00e2mara dos Deputados analisa a proposta. O projeto, do deputado Duda Ramos (MDB-RR), busca facilitar a perman\u00eancia [&hellip;]<\/p>\n","protected":false},"author":0,"featured_media":0,"comment_status":"open","ping_status":"open","sticky":false,"template":"","format":"standard","meta":{"footnotes":""},"categories":[1],"tags":[],"_links":{"self":[{"href":"https:\/\/jeffersonisac.adv.br\/index.php\/wp-json\/wp\/v2\/posts\/15470"}],"collection":[{"href":"https:\/\/jeffersonisac.adv.br\/index.php\/wp-json\/wp\/v2\/posts"}],"about":[{"href":"https:\/\/jeffersonisac.adv.br\/index.php\/wp-json\/wp\/v2\/types\/post"}],"replies":[{"embeddable":true,"href":"https:\/\/jeffersonisac.adv.br\/index.php\/wp-json\/wp\/v2\/comments?post=15470"}],"version-history":[{"count":0,"href":"https:\/\/jeffersonisac.adv.br\/index.php\/wp-json\/wp\/v2\/posts\/15470\/revisions"}],"wp:attachment":[{"href":"https:\/\/jeffersonisac.adv.br\/index.php\/wp-json\/wp\/v2\/media?parent=15470"}],"wp:term":[{"taxonomy":"category","embeddable":true,"href":"https:\/\/jeffersonisac.adv.br\/index.php\/wp-json\/wp\/v2\/categories?post=15470"},{"taxonomy":"post_tag","embeddable":true,"href":"https:\/\/jeffersonisac.adv.br\/index.php\/wp-json\/wp\/v2\/tags?post=15470"}],"curies":[{"name":"wp","href":"https:\/\/api.w.org\/{rel}","templated":true}]}}