{"id":15471,"date":"2026-02-20T17:24:47","date_gmt":"2026-02-20T20:24:47","guid":{"rendered":"https:\/\/jeffersonisac.adv.br\/index.php\/2026\/02\/20\/projeto-cria-politica-de-assistencia-juridica-obrigatoria-para-vitimas-vulneraveis\/"},"modified":"2026-02-20T17:24:47","modified_gmt":"2026-02-20T20:24:47","slug":"projeto-cria-politica-de-assistencia-juridica-obrigatoria-para-vitimas-vulneraveis","status":"publish","type":"post","link":"https:\/\/jeffersonisac.adv.br\/index.php\/2026\/02\/20\/projeto-cria-politica-de-assistencia-juridica-obrigatoria-para-vitimas-vulneraveis\/","title":{"rendered":"Projeto cria pol\u00edtica de assist\u00eancia jur\u00eddica obrigat\u00f3ria para v\u00edtimas vulner\u00e1veis"},"content":{"rendered":"<div class=\"image-container\">\n<div class=\"midia-creditos\"><em>Zeca Ribeiro \/ C\u00e2mara dos Deputados<\/em><\/div>\n<div class=\"media-wrapper\"><\/div>\n<div class=\"midia-legenda\">Soraya Santos: &#8220;H\u00e1 um desequil\u00edbrio no sistema de Justi\u00e7a&#8221;<\/div>\n<\/div>\n<p>O Projeto de Lei 6415\/25, da deputada Soraya Santos (PL-RJ), institui a Pol\u00edtica Nacional de Assist\u00eancia Jur\u00eddica Obrigat\u00f3ria \u00e0s V\u00edtimas em Situa\u00e7\u00e3o de Vulnerabilidade para garantir atendimento jur\u00eddico integral, gratuito e efetivo a v\u00edtimas de viol\u00eancia, como mulheres, crian\u00e7as e adolescentes, idosos e pessoas com defici\u00eancia. A proposta est\u00e1 em an\u00e1lise na C\u00e2mara dos Deputados.<\/p>\n<p>Entre os objetivos da pol\u00edtica est\u00e3o:<\/p>\n<p>garantir informa\u00e7\u00e3o clara e atualizada sobre investiga\u00e7\u00f5es e processos;<br \/>\nevitar a revitimiza\u00e7\u00e3o institucional;<br \/>\nrespeitar a vontade da v\u00edtima; e<br \/>\ngarantir atua\u00e7\u00e3o c\u00e9lere, eficaz e livre de estere\u00f3tipos e discrimina\u00e7\u00e3o.<\/p>\n<p>A assist\u00eancia poder\u00e1 incluir atos judiciais e extrajudiciais e tamb\u00e9m o encaminhamento a atendimento psicossocial, de sa\u00fade e de assist\u00eancia social.<\/p>\n<p>O projeto estabelece que a assist\u00eancia jur\u00eddica ser\u00e1 prestada de forma solid\u00e1ria, cooperativa e complementar por defensorias p\u00fablicas, minist\u00e9rios p\u00fablicos, Ordem dos Advogados do Brasil (OAB), n\u00facleos de pr\u00e1tica jur\u00eddica de faculdades e entidades conveniadas com Uni\u00e3o, estados e munic\u00edpios.<\/p>\n<p>As institui\u00e7\u00f5es p\u00fablicas n\u00e3o poder\u00e3o negar, retardar ou restringir o atendimento. Em caso de omiss\u00e3o ou falta de estrutura, outros \u00f3rg\u00e3os devem cooperar para atuar de forma suplementar.<\/p>\n<p>O texto tamb\u00e9m determina que o juiz dever\u00e1 assegurar assist\u00eancia jur\u00eddica efetiva em atos processuais quando a v\u00edtima deva ser ouvida, participar diretamente ou ter seus direitos discutidos. Se n\u00e3o for poss\u00edvel garantir o atendimento imediato, o ato dever\u00e1 ser adiado por pelo menos 48 horas, salvo urg\u00eancia fundamentada.<\/p>\n<p>A aus\u00eancia de assist\u00eancia jur\u00eddica poder\u00e1 levar \u00e0 nulidade de atos processuais quando houver preju\u00edzo comprovado e n\u00e3o for poss\u00edvel validar o ato.<\/p>\n<p><strong>Cadastro<\/strong><br \/>\nA OAB dever\u00e1 criar o Cadastro de Advogados para Atendimento \u00e0s V\u00edtimas de Viol\u00eancia, com indica\u00e7\u00e3o de experi\u00eancia ou capacita\u00e7\u00e3o dos profissionais em temas relacionados \u00e0 viol\u00eancia e direitos humanos. A remunera\u00e7\u00e3o poder\u00e1 ser custeada por dota\u00e7\u00f5es or\u00e7ament\u00e1rias e fundos p\u00fablicos, recursos privados via conv\u00eanios e outras fontes previstas em lei, inclusive coopera\u00e7\u00e3o internacional.<\/p>\n<p>Segundo Soraya Santos, h\u00e1 um desequil\u00edbrio no sistema de Justi\u00e7a porque \u201co acusado conta, por for\u00e7a de lei, com defesa t\u00e9cnica obrigat\u00f3ria\u201d, enquanto a v\u00edtima muitas vezes participa de delegacias e audi\u00eancias sem orienta\u00e7\u00e3o ou representa\u00e7\u00e3o. &#8220;Quando h\u00e1 v\u00edtima vulner\u00e1vel desassistida, a prioridade jur\u00eddica e pol\u00edtica \u00e9 a prote\u00e7\u00e3o do cidad\u00e3o, e n\u00e3o a disputa de compet\u00eancias entre institui\u00e7\u00f5es\u201d, disse.<\/p>\n<p><strong>Pr\u00f3ximos passos<\/strong><br \/>\nA proposta ser\u00e1 analisada em <span class=\"termoGlossario\">car\u00e1ter conclusivo<\/span> pelas comiss\u00f5es de Previd\u00eancia, Assist\u00eancia Social, Inf\u00e2ncia, Adolesc\u00eancia e Fam\u00edlia; de Finan\u00e7as e Tributa\u00e7\u00e3o; e de Constitui\u00e7\u00e3o e Justi\u00e7a e de Cidadania. Para virar lei, precisa ser aprovada por C\u00e2mara e Senado.<\/p>\n<p><a href=\"https:\/\/www.camara.leg.br\/noticias\/573454-SAIBA-MAIS-SOBRE-A-TRAMITACAO-DE-PROJETOS-DE-LEI\">Saiba mais sobre a tramita\u00e7\u00e3o de projetos de lei<\/a><\/p>","protected":false},"excerpt":{"rendered":"<p>Zeca Ribeiro \/ C\u00e2mara dos Deputados Soraya Santos: &#8220;H\u00e1 um desequil\u00edbrio no sistema de Justi\u00e7a&#8221; O Projeto de Lei 6415\/25, da deputada Soraya Santos (PL-RJ), institui a Pol\u00edtica Nacional de Assist\u00eancia Jur\u00eddica Obrigat\u00f3ria \u00e0s V\u00edtimas em Situa\u00e7\u00e3o de Vulnerabilidade para garantir atendimento jur\u00eddico integral, gratuito e efetivo a v\u00edtimas de viol\u00eancia, como mulheres, crian\u00e7as e [&hellip;]<\/p>\n","protected":false},"author":0,"featured_media":0,"comment_status":"open","ping_status":"open","sticky":false,"template":"","format":"standard","meta":{"footnotes":""},"categories":[1],"tags":[],"_links":{"self":[{"href":"https:\/\/jeffersonisac.adv.br\/index.php\/wp-json\/wp\/v2\/posts\/15471"}],"collection":[{"href":"https:\/\/jeffersonisac.adv.br\/index.php\/wp-json\/wp\/v2\/posts"}],"about":[{"href":"https:\/\/jeffersonisac.adv.br\/index.php\/wp-json\/wp\/v2\/types\/post"}],"replies":[{"embeddable":true,"href":"https:\/\/jeffersonisac.adv.br\/index.php\/wp-json\/wp\/v2\/comments?post=15471"}],"version-history":[{"count":0,"href":"https:\/\/jeffersonisac.adv.br\/index.php\/wp-json\/wp\/v2\/posts\/15471\/revisions"}],"wp:attachment":[{"href":"https:\/\/jeffersonisac.adv.br\/index.php\/wp-json\/wp\/v2\/media?parent=15471"}],"wp:term":[{"taxonomy":"category","embeddable":true,"href":"https:\/\/jeffersonisac.adv.br\/index.php\/wp-json\/wp\/v2\/categories?post=15471"},{"taxonomy":"post_tag","embeddable":true,"href":"https:\/\/jeffersonisac.adv.br\/index.php\/wp-json\/wp\/v2\/tags?post=15471"}],"curies":[{"name":"wp","href":"https:\/\/api.w.org\/{rel}","templated":true}]}}