{"id":15475,"date":"2026-02-20T19:24:52","date_gmt":"2026-02-20T22:24:52","guid":{"rendered":"https:\/\/jeffersonisac.adv.br\/index.php\/2026\/02\/20\/proposta-aumenta-penas-para-furto-roubo-e-receptacao-de-arma-de-fogo\/"},"modified":"2026-02-20T19:24:52","modified_gmt":"2026-02-20T22:24:52","slug":"proposta-aumenta-penas-para-furto-roubo-e-receptacao-de-arma-de-fogo","status":"publish","type":"post","link":"https:\/\/jeffersonisac.adv.br\/index.php\/2026\/02\/20\/proposta-aumenta-penas-para-furto-roubo-e-receptacao-de-arma-de-fogo\/","title":{"rendered":"Proposta aumenta penas para furto, roubo e recepta\u00e7\u00e3o de arma de fogo"},"content":{"rendered":"<div class=\"image-container\">\n<div class=\"midia-creditos\"><em>Bruno Spada\/C\u00e2mara dos Deputados<\/em><\/div>\n<div class=\"media-wrapper\"><\/div>\n<div class=\"midia-legenda\">Mauricio Neves, autor da proposta<\/div>\n<\/div>\n<p>O Projeto de Lei 6310\/25, do deputado Mauricio Neves (PP-SP), aumenta as penas para furto, roubo e recepta\u00e7\u00e3o de arma de fogo, acess\u00f3rio ou muni\u00e7\u00e3o. A proposta, que inclui as mudan\u00e7as no <a href=\"https:\/\/www2.camara.leg.br\/legin\/fed\/declei\/1940-1949\/decreto-lei-2848-7-dezembro-1940-412868-norma-pe.html\">C\u00f3digo Penal<\/a>, est\u00e1 em an\u00e1lise na C\u00e2mara dos Deputados.<\/p>\n<p>O aumento previsto no projeto \u00e9 de 1\/3 at\u00e9 metade da pena. Assim, com as mudan\u00e7as, as penas podem chegar a seis anos nos casos de furto e recepta\u00e7\u00e3o e 15 anos para roubo.<\/p>\n<p>Neves afirmou que o desvio desse tipo de material para o mercado ilegal \u00e9 um dos principais fatores de fortalecimento de organiza\u00e7\u00f5es criminosas armadas, gerando riscos diretos \u00e0 popula\u00e7\u00e3o e \u00e0s for\u00e7as de seguran\u00e7a. Estudos de institui\u00e7\u00f5es de seguran\u00e7a p\u00fablica indicam que grande parte das armas usadas em homic\u00eddios e roubos qualificados ingressa no crime por meio de furtos, roubos ou recepta\u00e7\u00f5es. &#8220;Ao punir mais severamente quem desvia armas para o mercado ilegal a legisla\u00e7\u00e3o passa a atingir um dos elos mais estrat\u00e9gicos da cadeia criminosa&#8221;, disse.<\/p>\n<p><strong>Pr\u00f3ximos passos<\/strong><br \/>\nA proposta ser\u00e1 analisada pela Comiss\u00e3o de Constitui\u00e7\u00e3o e Justi\u00e7a e de Cidadania. Depois, seguir\u00e1 para o Plen\u00e1rio. Para virar lei, precisa ser aprovada por C\u00e2mara e Senado.<\/p>\n<p><a href=\"https:\/\/www.camara.leg.br\/noticias\/573454-SAIBA-MAIS-SOBRE-A-TRAMITACAO-DE-PROJETOS-DE-LEI\">Saiba mais sobre a tramita\u00e7\u00e3o de projetos de lei<\/a><\/p>","protected":false},"excerpt":{"rendered":"<p>Bruno Spada\/C\u00e2mara dos Deputados Mauricio Neves, autor da proposta O Projeto de Lei 6310\/25, do deputado Mauricio Neves (PP-SP), aumenta as penas para furto, roubo e recepta\u00e7\u00e3o de arma de fogo, acess\u00f3rio ou muni\u00e7\u00e3o. A proposta, que inclui as mudan\u00e7as no C\u00f3digo Penal, est\u00e1 em an\u00e1lise na C\u00e2mara dos Deputados. O aumento previsto no projeto [&hellip;]<\/p>\n","protected":false},"author":0,"featured_media":0,"comment_status":"open","ping_status":"open","sticky":false,"template":"","format":"standard","meta":{"footnotes":""},"categories":[1],"tags":[],"_links":{"self":[{"href":"https:\/\/jeffersonisac.adv.br\/index.php\/wp-json\/wp\/v2\/posts\/15475"}],"collection":[{"href":"https:\/\/jeffersonisac.adv.br\/index.php\/wp-json\/wp\/v2\/posts"}],"about":[{"href":"https:\/\/jeffersonisac.adv.br\/index.php\/wp-json\/wp\/v2\/types\/post"}],"replies":[{"embeddable":true,"href":"https:\/\/jeffersonisac.adv.br\/index.php\/wp-json\/wp\/v2\/comments?post=15475"}],"version-history":[{"count":0,"href":"https:\/\/jeffersonisac.adv.br\/index.php\/wp-json\/wp\/v2\/posts\/15475\/revisions"}],"wp:attachment":[{"href":"https:\/\/jeffersonisac.adv.br\/index.php\/wp-json\/wp\/v2\/media?parent=15475"}],"wp:term":[{"taxonomy":"category","embeddable":true,"href":"https:\/\/jeffersonisac.adv.br\/index.php\/wp-json\/wp\/v2\/categories?post=15475"},{"taxonomy":"post_tag","embeddable":true,"href":"https:\/\/jeffersonisac.adv.br\/index.php\/wp-json\/wp\/v2\/tags?post=15475"}],"curies":[{"name":"wp","href":"https:\/\/api.w.org\/{rel}","templated":true}]}}