{"id":15477,"date":"2026-02-23T10:26:42","date_gmt":"2026-02-23T13:26:42","guid":{"rendered":"https:\/\/jeffersonisac.adv.br\/index.php\/2026\/02\/23\/motta-define-deputado-marcos-pereira-como-relator-do-acordo-mercosul-uniao-europeia\/"},"modified":"2026-02-23T10:26:42","modified_gmt":"2026-02-23T13:26:42","slug":"motta-define-deputado-marcos-pereira-como-relator-do-acordo-mercosul-uniao-europeia","status":"publish","type":"post","link":"https:\/\/jeffersonisac.adv.br\/index.php\/2026\/02\/23\/motta-define-deputado-marcos-pereira-como-relator-do-acordo-mercosul-uniao-europeia\/","title":{"rendered":"Motta define deputado Marcos Pereira como relator do acordo Mercosul-Uni\u00e3o Europeia"},"content":{"rendered":"<div class=\"image-container\">\n<div class=\"midia-creditos\"><em>Bruno Spada\/C\u00e2mara dos Deputados<\/em><\/div>\n<div class=\"media-wrapper\"><\/div>\n<div class=\"midia-legenda\">Marcos Pereira foi indicado como relator<\/div>\n<\/div>\n<p>O presidente da C\u00e2mara dos Deputados, Hugo Motta (Republicanos-PB), indicou o deputado Marcos Pereira (Republicanos-SP) como relator em Plen\u00e1rio do acordo Mercosul-Uni\u00e3o Europeia. Motta quer votar o texto nesta semana.<\/p>\n<p>Segundo o presidente, Pereira \u00e9 um deputado experiente, que j\u00e1 foi ministro da Ind\u00fastria, Com\u00e9rcio Exterior e Servi\u00e7os e tamb\u00e9m participou da elabora\u00e7\u00e3o do tratado.<\/p>\n<p>\u201cCom as incertezas acerca da imposi\u00e7\u00e3o de tarifas pelos Estados Unidos, resta ao Brasil lutar pela previsibilidade nas rela\u00e7\u00f5es comerciais internacionais. Por isso, priorizaremos a vota\u00e7\u00e3o do acordo Mercosul-UE para a pr\u00f3xima semana\u201d, afirmou o presidente por meio de suas redes sociais.<\/p>\n<p>\u00a0<\/p>\n<div><\/div>\n<p>\u00a0<\/p>\n<p>\u00a0<\/p>","protected":false},"excerpt":{"rendered":"<p>Bruno Spada\/C\u00e2mara dos Deputados Marcos Pereira foi indicado como relator O presidente da C\u00e2mara dos Deputados, Hugo Motta (Republicanos-PB), indicou o deputado Marcos Pereira (Republicanos-SP) como relator em Plen\u00e1rio do acordo Mercosul-Uni\u00e3o Europeia. Motta quer votar o texto nesta semana. Segundo o presidente, Pereira \u00e9 um deputado experiente, que j\u00e1 foi ministro da Ind\u00fastria, Com\u00e9rcio [&hellip;]<\/p>\n","protected":false},"author":0,"featured_media":0,"comment_status":"open","ping_status":"open","sticky":false,"template":"","format":"standard","meta":{"footnotes":""},"categories":[1],"tags":[],"_links":{"self":[{"href":"https:\/\/jeffersonisac.adv.br\/index.php\/wp-json\/wp\/v2\/posts\/15477"}],"collection":[{"href":"https:\/\/jeffersonisac.adv.br\/index.php\/wp-json\/wp\/v2\/posts"}],"about":[{"href":"https:\/\/jeffersonisac.adv.br\/index.php\/wp-json\/wp\/v2\/types\/post"}],"replies":[{"embeddable":true,"href":"https:\/\/jeffersonisac.adv.br\/index.php\/wp-json\/wp\/v2\/comments?post=15477"}],"version-history":[{"count":0,"href":"https:\/\/jeffersonisac.adv.br\/index.php\/wp-json\/wp\/v2\/posts\/15477\/revisions"}],"wp:attachment":[{"href":"https:\/\/jeffersonisac.adv.br\/index.php\/wp-json\/wp\/v2\/media?parent=15477"}],"wp:term":[{"taxonomy":"category","embeddable":true,"href":"https:\/\/jeffersonisac.adv.br\/index.php\/wp-json\/wp\/v2\/categories?post=15477"},{"taxonomy":"post_tag","embeddable":true,"href":"https:\/\/jeffersonisac.adv.br\/index.php\/wp-json\/wp\/v2\/tags?post=15477"}],"curies":[{"name":"wp","href":"https:\/\/api.w.org\/{rel}","templated":true}]}}