{"id":15478,"date":"2026-02-23T10:26:42","date_gmt":"2026-02-23T13:26:42","guid":{"rendered":"https:\/\/jeffersonisac.adv.br\/index.php\/2026\/02\/23\/livro-mostra-importancia-da-agencia-camara-para-a-cobertura-politica-no-pais\/"},"modified":"2026-02-23T10:26:42","modified_gmt":"2026-02-23T13:26:42","slug":"livro-mostra-importancia-da-agencia-camara-para-a-cobertura-politica-no-pais","status":"publish","type":"post","link":"https:\/\/jeffersonisac.adv.br\/index.php\/2026\/02\/23\/livro-mostra-importancia-da-agencia-camara-para-a-cobertura-politica-no-pais\/","title":{"rendered":"Livro mostra import\u00e2ncia da Ag\u00eancia C\u00e2mara para a cobertura pol\u00edtica no pa\u00eds"},"content":{"rendered":"<div class=\"image-container\">\n<div class=\"midia-creditos\"><em>Ant\u00f4nio Cruz\/Ag\u00eancia Brasil<\/em><\/div>\n<div class=\"media-wrapper\"><\/div>\n<div class=\"midia-legenda\">Livro sobre a <em>Ag\u00eancia C\u00e2mara<\/em> est\u00e1 dispon\u00edvel <span>para download gratuito<\/span><\/div>\n<\/div>\n<p>A <em>Ag\u00eancia C\u00e2mara<\/em> dos Deputados se consolidou como fonte prim\u00e1ria de informa\u00e7\u00e3o para a cobertura do Congresso Nacional, segundo pesquisa do jornalista Tiago Miranda.<\/p>\n<p>O estudo resultou na disserta\u00e7\u00e3o de mestrado do rep\u00f3rter, que atua h\u00e1 mais de dez anos na <em>Ag\u00eancia C\u00e2mara<\/em>. A pesquisa foi publicada pelas Edi\u00e7\u00f5es C\u00e2mara com o t\u00edtulo\u00a0<em>&#8220;No centro da not\u00edcia: a Ag\u00eancia C\u00e2mara como fonte para a cobertura pol\u00edtica&#8221;<\/em>.<\/p>\n<p>Em entrevista \u00e0\u00a0<em>R\u00e1dio C\u00e2mara<\/em>, na sexta-feira (20), Miranda afirmou que a\u00a0<em>Ag\u00eancia C\u00e2mara<\/em> foi criada em 2000 para servir como fonte prim\u00e1ria para ve\u00edculos que cobrem o Congresso.\u00a0Ao longo de mais de 25 anos, o papel da <em>Ag\u00eancia<\/em> se ampliou e passou a alcan\u00e7ar diretamente os cidad\u00e3os.<\/p>\n<p><a href=\"https:\/\/www.camara.leg.br\/radio\/programas\/painel-eletronico\/1246211-livro-mostra-importancia-da-agencia-camara-para-a-cobertura-politica-no-pais\/\">Ou\u00e7a a \u00edntegra da entrevista com Tiago Miranda<\/a><\/p>\n<p><strong>Uso pelas reda\u00e7\u00f5es<br \/>\n<\/strong>Uma das conclus\u00f5es da pesquisa \u00e9 que a <em>Ag\u00eancia C\u00e2mara<\/em> deixou de ser apenas um ve\u00edculo oficial intermedi\u00e1rio e passou a atuar como fonte prim\u00e1ria de informa\u00e7\u00e3o para grandes e pequenos ve\u00edculos e para a sociedade em geral.<\/p>\n<p>\u201cUma das conclus\u00f5es foi que a <em>Ag\u00eancia C\u00e2mara<\/em> n\u00e3o era mais apenas um ve\u00edculo oficial pr\u00f3prio para a imprensa, mas uma fonte prim\u00e1ria de informa\u00e7\u00e3o para grandes e pequenos ve\u00edculos e para a sociedade em geral\u201d, afirmou Miranda.<\/p>\n<p>Segundo o pesquisador, h\u00e1 dois usos principais do conte\u00fado produzido pela <em>Ag\u00eancia<\/em>:<\/p>\n<p>grandes ve\u00edculos com rep\u00f3rteres em Bras\u00edlia utilizam a <em>Ag\u00eancia C\u00e2mara<\/em> para acompanhar temas fora do plen\u00e1rio, como debates nas comiss\u00f5es;<br \/>\nve\u00edculos regionais, muitas vezes sem estrutura na capital federal, reproduzem as mat\u00e9rias e, em alguns casos, acrescentam informa\u00e7\u00f5es locais.<\/p>\n<p><strong>Credibilidade<br \/>\n<\/strong>Os jornalistas entrevistados na pesquisa avaliam a <em>Ag\u00eancia C\u00e2mara<\/em> como uma fonte confi\u00e1vel e completa.<\/p>\n<p>Miranda destacou que esse reconhecimento \u00e9 relevante diante do cen\u00e1rio de desinforma\u00e7\u00e3o nas redes sociais. Segundo ele, um dos entrevistados classificou a not\u00edcia na <em>Ag\u00eancia<\/em>\u00a0como &#8220;crua e completa&#8221;, sem puxar para um lado ou para o outro.<\/p>\n<p>\u201cIsso eu achei bem relevante, porque hoje em dia a gente pega essa quest\u00e3o das redes sociais, com muita desinforma\u00e7\u00e3o, cada um querendo falar para sua pr\u00f3pria bolha\u201d, detalhou Miranda.<\/p>\n<p><strong>Perfil dos assinantes<br \/>\n<\/strong>A pesquisa constatou que os boletins eletr\u00f4nicos da <em>Ag\u00eancia C\u00e2mara<\/em> s\u00e3o assinados majoritariamente por cidad\u00e3os comuns e por entidades da sociedade civil. Apenas cerca de 5% dos assinantes s\u00e3o ve\u00edculos de imprensa.<\/p>\n<p><span>O livro\u00a0<em>&#8220;No centro da not\u00edcia: a Ag\u00eancia C\u00e2mara como fonte para a cobertura pol\u00edtica&#8221;,<\/em>\u00a0de Tiago Miranda, est\u00e1 dispon\u00edvel para download gratuito na p\u00e1gina das\u00a0<a href=\"https:\/\/bd.camara.leg.br\/bd\/items\/0ba8fe6b-5889-4da4-b991-93031dee3c53\" target=\"_blank\" rel=\"noopener\">Edi\u00e7\u00f5es C\u00e2mara<\/a>.<\/span><\/p>","protected":false},"excerpt":{"rendered":"<p>Ant\u00f4nio Cruz\/Ag\u00eancia Brasil Livro sobre a Ag\u00eancia C\u00e2mara est\u00e1 dispon\u00edvel para download gratuito A Ag\u00eancia C\u00e2mara dos Deputados se consolidou como fonte prim\u00e1ria de informa\u00e7\u00e3o para a cobertura do Congresso Nacional, segundo pesquisa do jornalista Tiago Miranda. O estudo resultou na disserta\u00e7\u00e3o de mestrado do rep\u00f3rter, que atua h\u00e1 mais de dez anos na Ag\u00eancia [&hellip;]<\/p>\n","protected":false},"author":0,"featured_media":0,"comment_status":"open","ping_status":"open","sticky":false,"template":"","format":"standard","meta":{"footnotes":""},"categories":[1],"tags":[],"_links":{"self":[{"href":"https:\/\/jeffersonisac.adv.br\/index.php\/wp-json\/wp\/v2\/posts\/15478"}],"collection":[{"href":"https:\/\/jeffersonisac.adv.br\/index.php\/wp-json\/wp\/v2\/posts"}],"about":[{"href":"https:\/\/jeffersonisac.adv.br\/index.php\/wp-json\/wp\/v2\/types\/post"}],"replies":[{"embeddable":true,"href":"https:\/\/jeffersonisac.adv.br\/index.php\/wp-json\/wp\/v2\/comments?post=15478"}],"version-history":[{"count":0,"href":"https:\/\/jeffersonisac.adv.br\/index.php\/wp-json\/wp\/v2\/posts\/15478\/revisions"}],"wp:attachment":[{"href":"https:\/\/jeffersonisac.adv.br\/index.php\/wp-json\/wp\/v2\/media?parent=15478"}],"wp:term":[{"taxonomy":"category","embeddable":true,"href":"https:\/\/jeffersonisac.adv.br\/index.php\/wp-json\/wp\/v2\/categories?post=15478"},{"taxonomy":"post_tag","embeddable":true,"href":"https:\/\/jeffersonisac.adv.br\/index.php\/wp-json\/wp\/v2\/tags?post=15478"}],"curies":[{"name":"wp","href":"https:\/\/api.w.org\/{rel}","templated":true}]}}