{"id":15479,"date":"2026-02-23T10:26:42","date_gmt":"2026-02-23T13:26:42","guid":{"rendered":"https:\/\/jeffersonisac.adv.br\/index.php\/2026\/02\/23\/comite-interinstitucional-contra-o-feminicidio-analisa-sugestoes-para-plano-de-acao\/"},"modified":"2026-02-23T10:26:42","modified_gmt":"2026-02-23T13:26:42","slug":"comite-interinstitucional-contra-o-feminicidio-analisa-sugestoes-para-plano-de-acao","status":"publish","type":"post","link":"https:\/\/jeffersonisac.adv.br\/index.php\/2026\/02\/23\/comite-interinstitucional-contra-o-feminicidio-analisa-sugestoes-para-plano-de-acao\/","title":{"rendered":"Comit\u00ea Interinstitucional contra o Feminic\u00eddio analisa sugest\u00f5es para plano de a\u00e7\u00e3o"},"content":{"rendered":"<div class=\"image-container\">\n<div class=\"midia-creditos\"><em>Marina Ramos \/ C\u00e2mara dos Deputados<\/em><\/div>\n<div class=\"media-wrapper\"><\/div>\n<div class=\"midia-legenda\">Lan\u00e7amento do Pacto Brasil de Enfrentamento ao Feminic\u00eddio no in\u00edcio de fevereiro<\/div>\n<\/div>\n<p>O Comit\u00ea Interinstitucional de Gest\u00e3o do Pacto Brasil contra o Feminic\u00eddio re\u00fane-se na quinta-feira (26) para analisar as indica\u00e7\u00f5es de cada poder para o plano de a\u00e7\u00e3o que deve ser lan\u00e7ado no in\u00edcio de mar\u00e7o, M\u00eas da Mulher.<\/p>\n<p>\u201cN\u00f3s temos j\u00e1 uma agenda articulada e a gente tem que potencializar muito essa articula\u00e7\u00e3o para que realmente o sistema funcione em todas as &#8216;caixinhas&#8217;. Porque a mulher recebe aten\u00e7\u00e3o ou deveria receber aten\u00e7\u00e3o de v\u00e1rias &#8216;caixinhas&#8217; diferentes e essas &#8216;caixinhas&#8217; precisam conversar,\u201d afirmou a assessora legislativa da <a href=\"https:\/\/www2.camara.leg.br\/a-camara\/estruturaadm\/secretarias\/secretaria-da-mulher\">Secretaria da Mulher da C\u00e2mara dos Deputados<\/a> Danielle Gruneich, em entrevista \u00e0 <em>R\u00e1dio C\u00e2mara<\/em>.<\/p>\n<p><a href=\"https:\/\/www.camara.leg.br\/radio\/programas\/painel-eletronico\/1245864-comite-apresenta-em-marco-plano-de-acompanhamento-do-pacto-brasil-contra-o-feminicidio\/\">Ou\u00e7a a \u00edntegra da entrevista<\/a><\/p>\n<p><strong>O comit\u00ea<\/strong><br \/>\nO grupo, criado pelo governo federal, tem a miss\u00e3o de articular os tr\u00eas Poderes para enfrentar a viol\u00eancia contra as mulheres.<\/p>\n<p>O grupo conta com a participa\u00e7\u00e3o das deputadas Jack Rocha (PT-ES), Benedita da Silva (PT-RJ), Soraya Santos (PL-RJ) e Greyce Elias (Avante-MG), al\u00e9m de senadoras, ministros e representantes do Judici\u00e1rio.<\/p>\n<p>Entre as principais fun\u00e7\u00f5es do colegiado est\u00e3o a defini\u00e7\u00e3o de diretrizes, o monitoramento do pacto e a elabora\u00e7\u00e3o de relat\u00f3rios anuais sobre os resultados alcan\u00e7ados.<\/p>\n<p>\u201cA ideia do comit\u00ea \u00e9 fazer um grande mapa dessas a\u00e7\u00f5es, preliminarmente, do que j\u00e1 se faz dentro de todos aqueles eixos do pacto. O eixo do pacto n\u00e3o \u00e9 meramente punir o agressor, o assassino, o que obviamente \u00e9 important\u00edssimo, mas tamb\u00e9m medidas de preven\u00e7\u00e3o&#8221;, explicou Danielle Gruneich.<\/p>\n<p><strong>Aumento de casos<\/strong><br \/>\nO combate ao feminic\u00eddio \u00e9 tratado como prioridade m\u00e1xima diante do aumento nos crimes de g\u00eanero no pa\u00eds. Dados do \u00faltimo ano revelam que 1.520 mulheres foram assassinadas, o que representa uma m\u00e9dia de quatro v\u00edtimas di\u00e1rias.<\/p>\n<p>\u00a0<\/p>\n<div><\/div>\n<p>\u00a0<\/p>\n<p>\u00a0<\/p>","protected":false},"excerpt":{"rendered":"<p>Marina Ramos \/ C\u00e2mara dos Deputados Lan\u00e7amento do Pacto Brasil de Enfrentamento ao Feminic\u00eddio no in\u00edcio de fevereiro O Comit\u00ea Interinstitucional de Gest\u00e3o do Pacto Brasil contra o Feminic\u00eddio re\u00fane-se na quinta-feira (26) para analisar as indica\u00e7\u00f5es de cada poder para o plano de a\u00e7\u00e3o que deve ser lan\u00e7ado no in\u00edcio de mar\u00e7o, M\u00eas da [&hellip;]<\/p>\n","protected":false},"author":0,"featured_media":0,"comment_status":"open","ping_status":"open","sticky":false,"template":"","format":"standard","meta":{"footnotes":""},"categories":[1],"tags":[],"_links":{"self":[{"href":"https:\/\/jeffersonisac.adv.br\/index.php\/wp-json\/wp\/v2\/posts\/15479"}],"collection":[{"href":"https:\/\/jeffersonisac.adv.br\/index.php\/wp-json\/wp\/v2\/posts"}],"about":[{"href":"https:\/\/jeffersonisac.adv.br\/index.php\/wp-json\/wp\/v2\/types\/post"}],"replies":[{"embeddable":true,"href":"https:\/\/jeffersonisac.adv.br\/index.php\/wp-json\/wp\/v2\/comments?post=15479"}],"version-history":[{"count":0,"href":"https:\/\/jeffersonisac.adv.br\/index.php\/wp-json\/wp\/v2\/posts\/15479\/revisions"}],"wp:attachment":[{"href":"https:\/\/jeffersonisac.adv.br\/index.php\/wp-json\/wp\/v2\/media?parent=15479"}],"wp:term":[{"taxonomy":"category","embeddable":true,"href":"https:\/\/jeffersonisac.adv.br\/index.php\/wp-json\/wp\/v2\/categories?post=15479"},{"taxonomy":"post_tag","embeddable":true,"href":"https:\/\/jeffersonisac.adv.br\/index.php\/wp-json\/wp\/v2\/tags?post=15479"}],"curies":[{"name":"wp","href":"https:\/\/api.w.org\/{rel}","templated":true}]}}