{"id":15481,"date":"2026-02-23T11:30:48","date_gmt":"2026-02-23T14:30:48","guid":{"rendered":"https:\/\/jeffersonisac.adv.br\/index.php\/2026\/02\/23\/deputado-defende-que-governo-aproveite-bens-de-alto-valor-apreendidos-do-garimpo-ilegal-assista\/"},"modified":"2026-02-23T11:30:48","modified_gmt":"2026-02-23T14:30:48","slug":"deputado-defende-que-governo-aproveite-bens-de-alto-valor-apreendidos-do-garimpo-ilegal-assista","status":"publish","type":"post","link":"https:\/\/jeffersonisac.adv.br\/index.php\/2026\/02\/23\/deputado-defende-que-governo-aproveite-bens-de-alto-valor-apreendidos-do-garimpo-ilegal-assista\/","title":{"rendered":"Deputado defende que governo aproveite bens de alto valor apreendidos do garimpo ilegal; assista"},"content":{"rendered":"<div class=\"video-container youtube youtube-100\">\n<div class=\"midia-creditos\"><em>YouTube<\/em><\/div>\n\n<div class=\"midia-legenda\"><\/div>\n<\/div>\n<p>A Comiss\u00e3o de Minas e Energia da C\u00e2mara dos Deputados <a href=\"https:\/\/www.camara.leg.br\/noticias\/1245059-comissao-aprova-restricao-a-destruicao-de-maquinas-apreendidas-em-garimpo-ilegal\/\">aprovou<\/a> recentemente projeto (PL 3758\/25) que pro\u00edbe a destrui\u00e7\u00e3o imediata de bens de alto valor apreendidos em garimpo ilegal, como aeronaves, embarca\u00e7\u00f5es e tratores.<\/p>\n<p>Em entrevista \u00e0\u00a0R\u00e1dio C\u00e2mara, o autor da proposta, deputado Defensor St\u00e9lio Dener (Republicanos-RR), explicou que a ideia \u00e9 permitir o aproveitamento social ou econ\u00f4mico do equipamento apreendido, cujos valores \u00e0s vezes ultrapassam a casa de milhares de reais.<\/p>\n<p><a href=\"https:\/\/www.camara.leg.br\/radio\/programas\/painel-eletronico\/1246235-deputado-defensor-stelio-dener-bens-de-alto-valor-apreendidos-do-garimpo-ilegal-podem-ser-aproveitados-pelo-poder-publico\/\">Ou\u00e7a a \u00edntegra da entrevista com Defensor St\u00e9lio Dener<\/a><\/p>\n<p>\u201cUma aeronave, depois de apreendida em garimpo ilegal, pode servir ao poder p\u00fablico, pode servir a institui\u00e7\u00f5es, para que a gente possa levar outras pol\u00edticas p\u00fablicas e cidadania \u00e0s pessoas\u201d, afirmou o parlamentar. \u201cDestruir s\u00f3 por destruir n\u00e3o \u00e9 razo\u00e1vel quando h\u00e1 v\u00e1rios \u00f3rg\u00e3os que necessitam desses bens\u201d, acrescentou.<\/p>\n<p>O deputado disse que a destrui\u00e7\u00e3o \u00e9 hoje usada como rotina em opera\u00e7\u00f5es contra o garimpo ilegal. Ele reconheceu dificuldades log\u00edsticas para remover m\u00e1quinas pesadas em \u00e1reas remotas, mas alertou que nem toda apreens\u00e3o ocorre dentro de \u00e1rea ilegal.<\/p>\n<p>St\u00e9lio Dener defendeu crit\u00e9rios para separar situa\u00e7\u00f5es de garimpo ilegal de usos que se provem depois l\u00edcitos.<\/p>\n<p><strong>Regras aprovadas<\/strong><br \/>\nPelo texto aprovado na comiss\u00e3o, os bens apreendidos do garimpo ilegal poder\u00e3o ter tr\u00eas destinos:<\/p>\n<p>\u2022 leil\u00e3o p\u00fablico, com destina\u00e7\u00e3o dos recursos para fundos de fiscaliza\u00e7\u00e3o ambiental e recupera\u00e7\u00e3o de \u00e1reas degradadas;<\/p>\n<p>\u2022 incorpora\u00e7\u00e3o ao patrim\u00f4nio p\u00fablico; e<\/p>\n<p>\u2022 doa\u00e7\u00e3o para institui\u00e7\u00f5es de ensino t\u00e9cnico ou superior, para pesquisa e capacita\u00e7\u00e3o profissional.<\/p>\n<p>Ainda de acordo com a proposta aprovada, a destrui\u00e7\u00e3o dos bens apreendidos s\u00f3 ser\u00e1 permitida quando:<\/p>\n<p>houver risco iminente \u00e0 seguran\u00e7a dos agentes p\u00fablicos ou da popula\u00e7\u00e3o; ou<br \/>\nlaudo t\u00e9cnico comprovar que a remo\u00e7\u00e3o do bem \u00e9 tecnicamente imposs\u00edvel ou gera risco ambiental grave.<\/p>\n<p>O texto tramita em <span class=\"termoGlossario\">car\u00e1ter conclusivo<\/span> e ainda ser\u00e1 analisado pelas comiss\u00f5es de Meio Ambiente e Desenvolvimento Sustent\u00e1vel; e de Constitui\u00e7\u00e3o e Justi\u00e7a e de Cidadania.<\/p>\n<p>Para virar lei, precisa ser aprovado pela C\u00e2mara dos Deputados e pelo Senado Federal.<\/p>\n<p><a href=\"https:\/\/www.camara.leg.br\/noticias\/573454-SAIBA-MAIS-SOBRE-A-TRAMITACAO-DE-PROJETOS-DE-LEI\">Saiba mais sobre a tramita\u00e7\u00e3o de projetos de lei<\/a><\/p>","protected":false},"excerpt":{"rendered":"<p>YouTube A Comiss\u00e3o de Minas e Energia da C\u00e2mara dos Deputados aprovou recentemente projeto (PL 3758\/25) que pro\u00edbe a destrui\u00e7\u00e3o imediata de bens de alto valor apreendidos em garimpo ilegal, como aeronaves, embarca\u00e7\u00f5es e tratores. Em entrevista \u00e0\u00a0R\u00e1dio C\u00e2mara, o autor da proposta, deputado Defensor St\u00e9lio Dener (Republicanos-RR), explicou que a ideia \u00e9 permitir o [&hellip;]<\/p>\n","protected":false},"author":0,"featured_media":0,"comment_status":"open","ping_status":"open","sticky":false,"template":"","format":"standard","meta":{"footnotes":""},"categories":[1],"tags":[],"_links":{"self":[{"href":"https:\/\/jeffersonisac.adv.br\/index.php\/wp-json\/wp\/v2\/posts\/15481"}],"collection":[{"href":"https:\/\/jeffersonisac.adv.br\/index.php\/wp-json\/wp\/v2\/posts"}],"about":[{"href":"https:\/\/jeffersonisac.adv.br\/index.php\/wp-json\/wp\/v2\/types\/post"}],"replies":[{"embeddable":true,"href":"https:\/\/jeffersonisac.adv.br\/index.php\/wp-json\/wp\/v2\/comments?post=15481"}],"version-history":[{"count":0,"href":"https:\/\/jeffersonisac.adv.br\/index.php\/wp-json\/wp\/v2\/posts\/15481\/revisions"}],"wp:attachment":[{"href":"https:\/\/jeffersonisac.adv.br\/index.php\/wp-json\/wp\/v2\/media?parent=15481"}],"wp:term":[{"taxonomy":"category","embeddable":true,"href":"https:\/\/jeffersonisac.adv.br\/index.php\/wp-json\/wp\/v2\/categories?post=15481"},{"taxonomy":"post_tag","embeddable":true,"href":"https:\/\/jeffersonisac.adv.br\/index.php\/wp-json\/wp\/v2\/tags?post=15481"}],"curies":[{"name":"wp","href":"https:\/\/api.w.org\/{rel}","templated":true}]}}