{"id":15482,"date":"2026-02-23T11:30:48","date_gmt":"2026-02-23T14:30:48","guid":{"rendered":"https:\/\/jeffersonisac.adv.br\/index.php\/2026\/02\/23\/projeto-aumenta-punicao-para-motorista-que-coloca-em-risco-a-seguranca-das-pessoas\/"},"modified":"2026-02-23T11:30:48","modified_gmt":"2026-02-23T14:30:48","slug":"projeto-aumenta-punicao-para-motorista-que-coloca-em-risco-a-seguranca-das-pessoas","status":"publish","type":"post","link":"https:\/\/jeffersonisac.adv.br\/index.php\/2026\/02\/23\/projeto-aumenta-punicao-para-motorista-que-coloca-em-risco-a-seguranca-das-pessoas\/","title":{"rendered":"Projeto aumenta puni\u00e7\u00e3o para motorista que coloca em risco a seguran\u00e7a das pessoas"},"content":{"rendered":"<div class=\"image-container\">\n<div class=\"midia-creditos\"><em>M\u00e1rio Agra\/C\u00e2mara dos Deputados<\/em><\/div>\n<div class=\"media-wrapper\"><\/div>\n<div class=\"midia-legenda\">Amom Mandel: objetivo \u00e9 corrigir falha no C\u00f3digo de Tr\u00e2nsito Brasileiro<\/div>\n<\/div>\n<p>O Projeto de Lei 6276\/25 prev\u00ea aumento de pena para quem usar carro ou moto como instrumento de amea\u00e7a, intimida\u00e7\u00e3o coletiva ou de gera\u00e7\u00e3o de risco \u00e0 seguran\u00e7a p\u00fablica.<\/p>\n<p>O texto inclui a conduta como agravante do crime de tr\u00e2nsito, que poder\u00e1 ter a pena aumentada em at\u00e9 1\/6, cabendo ao juiz analisar cada caso.<\/p>\n<p>A proposta altera o <a href=\"https:\/\/www2.camara.leg.br\/legin\/fed\/lei\/1997\/lei-9503-23-setembro-1997-372348-norma-pl.html\">C\u00f3digo de Tr\u00e2nsito Brasileiro<\/a> (CTB) e est\u00e1 em an\u00e1lise na C\u00e2mara dos Deputados.<\/p>\n<p>Autor do projeto, o deputado Amom Mandel (Cidadania-AM) afirmou que o objetivo \u00e9 corrigir uma falha na lei e garantir puni\u00e7\u00e3o mais adequada para casos graves, como o ocorrido em Manaus, em setembro de 2025, quando uma idosa de 74 anos morreu ap\u00f3s ser atingida por uma moto.<\/p>\n<p>A moto era perseguida em alta velocidade por um carro. A batida entre os ve\u00edculos lan\u00e7ou a moto contra a idosa, que estava na cal\u00e7ada.<\/p>\n<p>\u201cAo permitir que situa\u00e7\u00f5es desse tipo permane\u00e7am sem previs\u00e3o legal expressa de agravante, abre-se espa\u00e7o para que condutas de alt\u00edssimo risco permane\u00e7am com tratamento penal gen\u00e9rico\u201d, diz o parlamentar.<\/p>\n<p>Atualmente, o CTB j\u00e1 prev\u00ea aumento de pena em algumas situa\u00e7\u00f5es. Por exemplo: dirigir sem carteira de habilita\u00e7\u00e3o, usar placa adulterada, trafegar em alta velocidade ou dirigir sobre a cal\u00e7ada.<\/p>\n<p>O projeto acrescenta a essa lista o uso do ve\u00edculo para intimidar ou amea\u00e7ar pessoas.<\/p>\n<p><strong>Pr\u00f3ximas etapas<br \/>\n<\/strong> A proposta ser\u00e1 analisada pelas comiss\u00f5es de Via\u00e7\u00e3o e Transportes; e de Constitui\u00e7\u00e3o e Justi\u00e7a e de Cidadania. Depois, seguir\u00e1 para o Plen\u00e1rio.<\/p>\n<p>Para virar lei, precisa ser aprovada pela C\u00e2mara e pelo Senado.<\/p>\n<p><a href=\"https:\/\/www.camara.leg.br\/noticias\/573454-SAIBA-MAIS-SOBRE-A-TRAMITACAO-DE-PROJETOS-DE-LEI\">Saiba mais sobre a tramita\u00e7\u00e3o de projetos de lei<\/a><\/p>","protected":false},"excerpt":{"rendered":"<p>M\u00e1rio Agra\/C\u00e2mara dos Deputados Amom Mandel: objetivo \u00e9 corrigir falha no C\u00f3digo de Tr\u00e2nsito Brasileiro O Projeto de Lei 6276\/25 prev\u00ea aumento de pena para quem usar carro ou moto como instrumento de amea\u00e7a, intimida\u00e7\u00e3o coletiva ou de gera\u00e7\u00e3o de risco \u00e0 seguran\u00e7a p\u00fablica. O texto inclui a conduta como agravante do crime de tr\u00e2nsito, [&hellip;]<\/p>\n","protected":false},"author":0,"featured_media":0,"comment_status":"open","ping_status":"open","sticky":false,"template":"","format":"standard","meta":{"footnotes":""},"categories":[1],"tags":[],"_links":{"self":[{"href":"https:\/\/jeffersonisac.adv.br\/index.php\/wp-json\/wp\/v2\/posts\/15482"}],"collection":[{"href":"https:\/\/jeffersonisac.adv.br\/index.php\/wp-json\/wp\/v2\/posts"}],"about":[{"href":"https:\/\/jeffersonisac.adv.br\/index.php\/wp-json\/wp\/v2\/types\/post"}],"replies":[{"embeddable":true,"href":"https:\/\/jeffersonisac.adv.br\/index.php\/wp-json\/wp\/v2\/comments?post=15482"}],"version-history":[{"count":0,"href":"https:\/\/jeffersonisac.adv.br\/index.php\/wp-json\/wp\/v2\/posts\/15482\/revisions"}],"wp:attachment":[{"href":"https:\/\/jeffersonisac.adv.br\/index.php\/wp-json\/wp\/v2\/media?parent=15482"}],"wp:term":[{"taxonomy":"category","embeddable":true,"href":"https:\/\/jeffersonisac.adv.br\/index.php\/wp-json\/wp\/v2\/categories?post=15482"},{"taxonomy":"post_tag","embeddable":true,"href":"https:\/\/jeffersonisac.adv.br\/index.php\/wp-json\/wp\/v2\/tags?post=15482"}],"curies":[{"name":"wp","href":"https:\/\/api.w.org\/{rel}","templated":true}]}}