{"id":15483,"date":"2026-02-23T11:30:48","date_gmt":"2026-02-23T14:30:48","guid":{"rendered":"https:\/\/jeffersonisac.adv.br\/index.php\/2026\/02\/23\/projeto-permite-prisao-preventiva-em-caso-de-violencia-domestica-sem-medida-protetiva-previa\/"},"modified":"2026-02-23T11:30:48","modified_gmt":"2026-02-23T14:30:48","slug":"projeto-permite-prisao-preventiva-em-caso-de-violencia-domestica-sem-medida-protetiva-previa","status":"publish","type":"post","link":"https:\/\/jeffersonisac.adv.br\/index.php\/2026\/02\/23\/projeto-permite-prisao-preventiva-em-caso-de-violencia-domestica-sem-medida-protetiva-previa\/","title":{"rendered":"Projeto permite pris\u00e3o preventiva em caso de viol\u00eancia dom\u00e9stica sem medida protetiva pr\u00e9via"},"content":{"rendered":"<div class=\"image-container\">\n<div class=\"midia-creditos\"><em>Kayo Magalh\u00e3es\/C\u00e2mara dos Deputados<\/em><\/div>\n<div class=\"media-wrapper\"><\/div>\n<div class=\"midia-legenda\">Delegado Palumbo \u00e9 o autor do projeto<\/div>\n<\/div>\n<p>O Projeto de Lei 6354\/25, do deputado Delegado Palumbo (MDB-SP), permite decretar pris\u00e3o preventiva em casos de viol\u00eancia dom\u00e9stica e familiar, mesmo sem a ado\u00e7\u00e3o pr\u00e9via de medidas protetivas de urg\u00eancia. A regra vale para crimes contra mulher, crian\u00e7a, adolescente, idoso, enfermo ou pessoa com defici\u00eancia.<\/p>\n<p>O texto est\u00e1 em an\u00e1lise na C\u00e2mara dos Deputados.<\/p>\n<p>Atualmente, o <a class=\"linkLegislacao\" href=\"https:\/\/www2.camara.gov.br\/legin\/fed\/declei\/1940-1949\/decreto-lei-3689-3-outubro-1941-322206-norma-pe.html\">C\u00f3digo de Processo Penal<\/a> n\u00e3o prev\u00ea essa pris\u00e3o antes da ado\u00e7\u00e3o das medidas protetivas.<\/p>\n<p>Segundo o deputado, o texto consolida a chamada pris\u00e3o preventiva cumulativa ou protetiva. Nesse caso, o juiz poder\u00e1 conceder medidas protetivas e, ao mesmo tempo, decretar a pris\u00e3o preventiva para garantir o cumprimento das determina\u00e7\u00f5es, evitar nova agress\u00e3o e proteger a v\u00edtima.<\/p>\n<p>&#8220;A medida refor\u00e7a o princ\u00edpio da proporcionalidade, ao mesmo tempo em que prioriza a prote\u00e7\u00e3o imediata da v\u00edtima, assegurando que a pris\u00e3o preventiva seja aplicada como instrumento de prote\u00e7\u00e3o e n\u00e3o apenas como resposta a fatos passados&#8221;, disse.<\/p>\n<p><strong>Pr\u00f3ximos passos<\/strong><br \/>\nA proposta ser\u00e1 analisada, em <span class=\"termoGlossario\">car\u00e1ter conclusivo<\/span> na Comiss\u00e3o de Constitui\u00e7\u00e3o e Justi\u00e7a e de Cidadania. Para virar lei, precisa ser aprovada pela C\u00e2mara e pelo Senado.<\/p>\n<p><a href=\"https:\/\/www.camara.leg.br\/noticias\/573454-SAIBA-MAIS-SOBRE-A-TRAMITACAO-DE-PROJETOS-DE-LEI\">Saiba mais sobre a tramita\u00e7\u00e3o de projetos de lei<\/a><\/p>","protected":false},"excerpt":{"rendered":"<p>Kayo Magalh\u00e3es\/C\u00e2mara dos Deputados Delegado Palumbo \u00e9 o autor do projeto O Projeto de Lei 6354\/25, do deputado Delegado Palumbo (MDB-SP), permite decretar pris\u00e3o preventiva em casos de viol\u00eancia dom\u00e9stica e familiar, mesmo sem a ado\u00e7\u00e3o pr\u00e9via de medidas protetivas de urg\u00eancia. A regra vale para crimes contra mulher, crian\u00e7a, adolescente, idoso, enfermo ou pessoa [&hellip;]<\/p>\n","protected":false},"author":0,"featured_media":0,"comment_status":"open","ping_status":"open","sticky":false,"template":"","format":"standard","meta":{"footnotes":""},"categories":[1],"tags":[],"_links":{"self":[{"href":"https:\/\/jeffersonisac.adv.br\/index.php\/wp-json\/wp\/v2\/posts\/15483"}],"collection":[{"href":"https:\/\/jeffersonisac.adv.br\/index.php\/wp-json\/wp\/v2\/posts"}],"about":[{"href":"https:\/\/jeffersonisac.adv.br\/index.php\/wp-json\/wp\/v2\/types\/post"}],"replies":[{"embeddable":true,"href":"https:\/\/jeffersonisac.adv.br\/index.php\/wp-json\/wp\/v2\/comments?post=15483"}],"version-history":[{"count":0,"href":"https:\/\/jeffersonisac.adv.br\/index.php\/wp-json\/wp\/v2\/posts\/15483\/revisions"}],"wp:attachment":[{"href":"https:\/\/jeffersonisac.adv.br\/index.php\/wp-json\/wp\/v2\/media?parent=15483"}],"wp:term":[{"taxonomy":"category","embeddable":true,"href":"https:\/\/jeffersonisac.adv.br\/index.php\/wp-json\/wp\/v2\/categories?post=15483"},{"taxonomy":"post_tag","embeddable":true,"href":"https:\/\/jeffersonisac.adv.br\/index.php\/wp-json\/wp\/v2\/tags?post=15483"}],"curies":[{"name":"wp","href":"https:\/\/api.w.org\/{rel}","templated":true}]}}