{"id":15486,"date":"2026-02-23T14:24:37","date_gmt":"2026-02-23T17:24:37","guid":{"rendered":"https:\/\/jeffersonisac.adv.br\/index.php\/2026\/02\/23\/projeto-estabelece-horario-para-cumprimento-de-mandados-de-busca-e-apreensao\/"},"modified":"2026-02-23T14:24:37","modified_gmt":"2026-02-23T17:24:37","slug":"projeto-estabelece-horario-para-cumprimento-de-mandados-de-busca-e-apreensao","status":"publish","type":"post","link":"https:\/\/jeffersonisac.adv.br\/index.php\/2026\/02\/23\/projeto-estabelece-horario-para-cumprimento-de-mandados-de-busca-e-apreensao\/","title":{"rendered":"Projeto estabelece hor\u00e1rio para cumprimento de mandados de busca e apreens\u00e3o"},"content":{"rendered":"<div class=\"image-container\">\n<div class=\"midia-creditos\"><em>Kayo Magalh\u00e3es \/ C\u00e2mara dos Deputados<\/em><\/div>\n<div class=\"media-wrapper\"><\/div>\n<div class=\"midia-legenda\">Capit\u00e3o Alden, autor da proposta<\/div>\n<\/div>\n<p>O Projeto de Lei 6480\/25, do deputado Capit\u00e3o Alden (PL-BA), estabelece que mandados de busca e apreens\u00e3o ou busca domiciliar sejam cumpridos entre as 6h e as 20h, desde que haja luminosidade natural suficiente. O texto est\u00e1 em an\u00e1lise na C\u00e2mara dos Deputados.<\/p>\n<p>A proposta pro\u00edbe mandado de busca \u00e0 noite, quando houver presen\u00e7a previs\u00edvel de pessoas n\u00e3o investigadas, em especial crian\u00e7as, idosos, pessoas com defici\u00eancia ou pessoas doentes. As exce\u00e7\u00f5es s\u00e3o para casos de flagrante, risco imediato \u00e0 vida ou outra emerg\u00eancia.<\/p>\n<p>Para cumprir mandado fora desse prazo, o juiz precisar\u00e1 indicar na decis\u00e3o a urg\u00eancia concreta da medida, o risco a executar em hor\u00e1rio regular e a inexist\u00eancia de outro meio menos gravoso \u00e0 identidade. A busca sem fundamenta\u00e7\u00e3o ser\u00e1 declarada nula.<\/p>\n<p>O projeto inclui essa defini\u00e7\u00e3o no <a href=\"https:\/\/www2.camara.leg.br\/legin\/fed\/declei\/1940-1949\/decreto-lei-3689-3-outubro-1941-322206-norma-pe.html\">C\u00f3digo de Processo Penal (CPP)<\/a>.<\/p>\n<p>Atualmente, a <a href=\"https:\/\/www2.camara.leg.br\/legin\/fed\/lei\/2019\/lei-13869-5-setembro-2019-789094-norma-pl.html\">Lei de Abuso de Autoridade<\/a>\u00a0penaliza a busca e apreens\u00e3o depois das 21h e antes das 5h.\u00a0O projeto deixa claro que essa penaliza\u00e7\u00e3o n\u00e3o afasta o dever de respeito \u00e0 inviolabilidade do domic\u00edlio.<\/p>\n<p><strong>Lacuna normativa<\/strong><br \/>\nSegundo Alden, o CPC n\u00e3o define de forma objetiva o conceito de per\u00edodo diurno, o que abre espa\u00e7o para &#8220;interpreta\u00e7\u00f5es el\u00e1sticas&#8221;, inseguran\u00e7a jur\u00eddica e viola\u00e7\u00f5es de direitos fundamentais.<\/p>\n<p>&#8220;Na pr\u00e1tica, essa lacuna normativa tem permitido o cumprimento de mandados em hor\u00e1rios incompat\u00edveis com a preserva\u00e7\u00e3o do repouso familiar, inclusive durante a madrugada&#8221;, declarou.<\/p>\n<p><strong>Pr\u00f3ximos passos<\/strong><br \/>\nA proposta ser\u00e1 analisada, em <span class=\"termoGlossario\">car\u00e1ter conclusivo<\/span> na Comiss\u00e3o de Constitui\u00e7\u00e3o e Justi\u00e7a e de Cidadania.<\/p>\n<p>Para virar lei, precisa ser aprovada pela C\u00e2mara e pelo Senado.<\/p>\n<p><a href=\"https:\/\/www.camara.leg.br\/noticias\/573454-SAIBA-MAIS-SOBRE-A-TRAMITACAO-DE-PROJETOS-DE-LEI\">Saiba mais sobre a tramita\u00e7\u00e3o de projetos de lei<\/a><\/p>","protected":false},"excerpt":{"rendered":"<p>Kayo Magalh\u00e3es \/ C\u00e2mara dos Deputados Capit\u00e3o Alden, autor da proposta O Projeto de Lei 6480\/25, do deputado Capit\u00e3o Alden (PL-BA), estabelece que mandados de busca e apreens\u00e3o ou busca domiciliar sejam cumpridos entre as 6h e as 20h, desde que haja luminosidade natural suficiente. O texto est\u00e1 em an\u00e1lise na C\u00e2mara dos Deputados. A [&hellip;]<\/p>\n","protected":false},"author":0,"featured_media":0,"comment_status":"open","ping_status":"open","sticky":false,"template":"","format":"standard","meta":{"footnotes":""},"categories":[1],"tags":[],"_links":{"self":[{"href":"https:\/\/jeffersonisac.adv.br\/index.php\/wp-json\/wp\/v2\/posts\/15486"}],"collection":[{"href":"https:\/\/jeffersonisac.adv.br\/index.php\/wp-json\/wp\/v2\/posts"}],"about":[{"href":"https:\/\/jeffersonisac.adv.br\/index.php\/wp-json\/wp\/v2\/types\/post"}],"replies":[{"embeddable":true,"href":"https:\/\/jeffersonisac.adv.br\/index.php\/wp-json\/wp\/v2\/comments?post=15486"}],"version-history":[{"count":0,"href":"https:\/\/jeffersonisac.adv.br\/index.php\/wp-json\/wp\/v2\/posts\/15486\/revisions"}],"wp:attachment":[{"href":"https:\/\/jeffersonisac.adv.br\/index.php\/wp-json\/wp\/v2\/media?parent=15486"}],"wp:term":[{"taxonomy":"category","embeddable":true,"href":"https:\/\/jeffersonisac.adv.br\/index.php\/wp-json\/wp\/v2\/categories?post=15486"},{"taxonomy":"post_tag","embeddable":true,"href":"https:\/\/jeffersonisac.adv.br\/index.php\/wp-json\/wp\/v2\/tags?post=15486"}],"curies":[{"name":"wp","href":"https:\/\/api.w.org\/{rel}","templated":true}]}}