{"id":15488,"date":"2026-02-23T14:24:38","date_gmt":"2026-02-23T17:24:38","guid":{"rendered":"https:\/\/jeffersonisac.adv.br\/index.php\/2026\/02\/23\/deputado-defende-proibicao-de-armas-para-pessoas-sob-medida-protetiva-veja-a-entrevista\/"},"modified":"2026-02-23T14:24:38","modified_gmt":"2026-02-23T17:24:38","slug":"deputado-defende-proibicao-de-armas-para-pessoas-sob-medida-protetiva-veja-a-entrevista","status":"publish","type":"post","link":"https:\/\/jeffersonisac.adv.br\/index.php\/2026\/02\/23\/deputado-defende-proibicao-de-armas-para-pessoas-sob-medida-protetiva-veja-a-entrevista\/","title":{"rendered":"Deputado defende proibi\u00e7\u00e3o de armas para pessoas sob medida protetiva; veja a entrevista"},"content":{"rendered":"<div class=\"video-container youtube youtube-100\">\n<div class=\"midia-creditos\"><em>YouTube<\/em><\/div>\n\n<div class=\"midia-legenda\"><\/div>\n<\/div>\n<p>\u00a0<\/p>\n<p>\u00a0<\/p>\n<p>A Comiss\u00e3o de Seguran\u00e7a P\u00fablica da C\u00e2mara dos Deputados aprovou o <a class=\"linkProposicao\" href=\"https:\/\/www.camara.leg.br\/noticias\/1016647-projeto-proibe-compra-de-arma-de-fogo-por-agressor-de-mulheres\">Projeto de Lei 3874\/23<\/a>, que pro\u00edbe a posse, o porte e a compra de armas e muni\u00e7\u00f5es por pessoas sob medida protetiva.<\/p>\n<p>Em entrevista \u00e0 <em>R\u00e1dio C\u00e2mara<\/em> nesta segunda-feira (23), o relator do texto, deputado Aluisio Mendes (Republicanos-MA),\u00a0explicou que a medida impede a posse, o porte e a compra de armas e muni\u00e7\u00f5es para quem estiver em cumprimento de medida protetiva com base na <a href=\"https:\/\/www2.camara.leg.br\/legin\/fed\/lei\/2006\/lei-11340-7-agosto-2006-545133-norma-pl.html\">Lei Maria da Penha<\/a>.<\/p>\n<p><strong>Para quem vale<\/strong><br \/>\nA restri\u00e7\u00e3o vale para todo cidad\u00e3o com autoriza\u00e7\u00e3o de porte e posse de armas, inclusive profissionais da seguran\u00e7a p\u00fablica, das For\u00e7as Armadas e da seguran\u00e7a privada, al\u00e9m de ca\u00e7adores, atiradores e colecionadores (CACs).<\/p>\n<p><a href=\"https:\/\/www.camara.leg.br\/radio\/402-painel-eletronico\/\">Ou\u00e7a a \u00edntegra da entrevista de Aluisio Mendes \u00e0 <em>R\u00e1dio C\u00e2mara<\/em><\/a><\/p>\n<p>Pelo texto, o juiz ou a autoridade respons\u00e1vel pela medida protetiva deve comunicar o fato:<\/p>\n<p>\u00e0 Pol\u00edcia Federal (respons\u00e1vel pelo controle de armas para ca\u00e7adores),<br \/>\nao Ex\u00e9rcito (respons\u00e1vel pelo controle de armas para atiradores esportivos), e<br \/>\n\u00e0s empresas de seguran\u00e7a privada onde eventualmente o agressor possa trabalhar.<\/p>\n<p>\u201cQualquer cidad\u00e3o que seja objeto de medida protetiva e que tenha legalmente autorizado o porte ou a posse de arma, seja ele profissional da \u00e1rea de seguran\u00e7a p\u00fablica ou n\u00e3o, ter\u00e1 imediatamente esse porte e essa posse suspensos&#8221;, explicou Mendes. &#8220;E essa arma ser\u00e1 recolhida&#8221;, acrescentou.<\/p>\n<p><strong>Feminic\u00eddios<\/strong><br \/>\nO deputado lembrou que o n\u00famero de feminic\u00eddios tem crescido no pa\u00eds e que \u201cgrande parte desses crimes \u00e9 cometida com armas de fogo cujos donos s\u00e3o propriet\u00e1rios regulares dos armamentos\u201d.<\/p>\n<p>\u201c\u00c9 uma coisa absurda que uma pessoa que seja objeto de uma medida protetiva n\u00e3o tenha imediatamente cancelado o seu direito de portar aquela arma de fogo\u201d, criticou o parlamentar.<\/p>\n<p><strong>Pr\u00f3ximos passos<\/strong><br \/>\n<a href=\"https:\/\/www.camara.leg.br\/noticias\/1244702-COMISSAO-APROVA-PROIBICAO-DE-ARMAS-PARA-QUEM-ESTIVER-SOB-MEDIDA-PROTETIVA\">Aprovado pela Comiss\u00e3o de Seguran\u00e7a P\u00fablica<\/a>, o projeto, de autoria do deputado Max Lemos (PDT-RJ), est\u00e1 agora na Comiss\u00e3o de Constitui\u00e7\u00e3o e Justi\u00e7a. O texto tramita em regime de <span class=\"termoGlossario\">urg\u00eancia<\/span> e pode ser votado a qualquer momento direto no Plen\u00e1rio.<\/p>\n<p>Para virar lei, a proposta precisa ser aprovada pela C\u00e2mara e pelo Senado.<\/p>\n<p><a href=\"https:\/\/www.camara.leg.br\/noticias\/573454-SAIBA-MAIS-SOBRE-A-TRAMITACAO-DE-PROJETOS-DE-LEI\">Saiba mais sobre a tramita\u00e7\u00e3o de projetos de lei<\/a><\/p>","protected":false},"excerpt":{"rendered":"<p>YouTube \u00a0 \u00a0 A Comiss\u00e3o de Seguran\u00e7a P\u00fablica da C\u00e2mara dos Deputados aprovou o Projeto de Lei 3874\/23, que pro\u00edbe a posse, o porte e a compra de armas e muni\u00e7\u00f5es por pessoas sob medida protetiva. Em entrevista \u00e0 R\u00e1dio C\u00e2mara nesta segunda-feira (23), o relator do texto, deputado Aluisio Mendes (Republicanos-MA),\u00a0explicou que a medida [&hellip;]<\/p>\n","protected":false},"author":0,"featured_media":0,"comment_status":"open","ping_status":"open","sticky":false,"template":"","format":"standard","meta":{"footnotes":""},"categories":[1],"tags":[],"_links":{"self":[{"href":"https:\/\/jeffersonisac.adv.br\/index.php\/wp-json\/wp\/v2\/posts\/15488"}],"collection":[{"href":"https:\/\/jeffersonisac.adv.br\/index.php\/wp-json\/wp\/v2\/posts"}],"about":[{"href":"https:\/\/jeffersonisac.adv.br\/index.php\/wp-json\/wp\/v2\/types\/post"}],"replies":[{"embeddable":true,"href":"https:\/\/jeffersonisac.adv.br\/index.php\/wp-json\/wp\/v2\/comments?post=15488"}],"version-history":[{"count":0,"href":"https:\/\/jeffersonisac.adv.br\/index.php\/wp-json\/wp\/v2\/posts\/15488\/revisions"}],"wp:attachment":[{"href":"https:\/\/jeffersonisac.adv.br\/index.php\/wp-json\/wp\/v2\/media?parent=15488"}],"wp:term":[{"taxonomy":"category","embeddable":true,"href":"https:\/\/jeffersonisac.adv.br\/index.php\/wp-json\/wp\/v2\/categories?post=15488"},{"taxonomy":"post_tag","embeddable":true,"href":"https:\/\/jeffersonisac.adv.br\/index.php\/wp-json\/wp\/v2\/tags?post=15488"}],"curies":[{"name":"wp","href":"https:\/\/api.w.org\/{rel}","templated":true}]}}