{"id":15489,"date":"2026-02-23T15:25:50","date_gmt":"2026-02-23T18:25:50","guid":{"rendered":"https:\/\/jeffersonisac.adv.br\/index.php\/2026\/02\/23\/projeto-cria-regras-para-combater-e-prevenir-a-obesidade-com-foco-em-crianca-e-adolescente\/"},"modified":"2026-02-23T15:25:50","modified_gmt":"2026-02-23T18:25:50","slug":"projeto-cria-regras-para-combater-e-prevenir-a-obesidade-com-foco-em-crianca-e-adolescente","status":"publish","type":"post","link":"https:\/\/jeffersonisac.adv.br\/index.php\/2026\/02\/23\/projeto-cria-regras-para-combater-e-prevenir-a-obesidade-com-foco-em-crianca-e-adolescente\/","title":{"rendered":"Projeto cria regras para combater e prevenir a obesidade, com foco em crian\u00e7a e adolescente"},"content":{"rendered":"<div class=\"image-container\">\n<div class=\"midia-creditos\"><em>Mario Agra \/ C\u00e2mara dos Deputados<\/em><\/div>\n<div class=\"media-wrapper\"><\/div>\n<div class=\"midia-legenda\">Amom Mandel: 31% da popula\u00e7\u00e3o brasileira vive com a condi\u00e7\u00e3o de obesidade<\/div>\n<\/div>\n<p>O Projeto de Lei 6274\/25 cria a Pol\u00edtica Nacional de Preven\u00e7\u00e3o e Combate \u00e0 Obesidade, com aten\u00e7\u00e3o especial para crian\u00e7as e adolescentes. A C\u00e2mara dos Deputados analisa a proposta.<\/p>\n<p>Apresentado pelo deputado Amom Mandel (Cidadania-AM), o texto estabelece uma s\u00e9rie de diretrizes divididas em eixos principais, como o incentivo \u00e0 alimenta\u00e7\u00e3o saud\u00e1vel, o est\u00edmulo \u00e0 atividade f\u00edsica e o apoio \u00e0 pesquisa e ao tratamento.<\/p>\n<p>Entre as medidas previstas para promover uma alimenta\u00e7\u00e3o melhor est\u00e3o:<\/p>\n<p>campanhas educativas cont\u00ednuas em escolas, comunidades e meios de comunica\u00e7\u00e3o;<br \/>\nrotulagem obrigat\u00f3ria com informa\u00e7\u00f5es claras sobre calorias, a\u00e7\u00facares, gorduras saturadas e s\u00f3dio, seguindo normas da Organiza\u00e7\u00e3o Mundial da Sa\u00fade (OMS);<br \/>\nincentivos fiscais para a produ\u00e7\u00e3o e venda de alimentos frescos, como frutas, legumes e hortali\u00e7as.<\/p>\n<p><strong>Infraestrutura e trabalho<br \/>\n<\/strong>No eixo da atividade f\u00edsica, o projeto prev\u00ea a constru\u00e7\u00e3o e manuten\u00e7\u00e3o de parques, ciclovias e academias ao ar livre, prioritariamente em \u00e1reas de vulnerabilidade social.<\/p>\n<p>O texto tamb\u00e9m incentiva empresas a adotarem programas de bem-estar, como gin\u00e1stica laboral e hor\u00e1rios flex\u00edveis para exerc\u00edcios.<\/p>\n<p><strong>Tratamento pelo SUS<br \/>\n<\/strong>A proposta busca fortalecer o Sistema \u00danico de Sa\u00fade (SUS) para o atendimento de pessoas com sobrepeso e obesidade. O projeto prev\u00ea:<\/p>\n<p>amplia\u00e7\u00e3o de servi\u00e7os com nutricionistas, psic\u00f3logos e m\u00e9dicos especializados;<br \/>\noferta gratuita de tratamentos farmacol\u00f3gicos e cir\u00fargicos para casos de obesidade grave, conforme crit\u00e9rios m\u00e9dicos;<br \/>\nsuporte psicol\u00f3gico focado em dist\u00farbios alimentares, em colabora\u00e7\u00e3o com a Secretaria Nacional de Sa\u00fade Mental.<\/p>\n<p>Dados do Atlas Mundial da Obesidade 2025 indicam que cerca de 31% da popula\u00e7\u00e3o brasileira vive com a condi\u00e7\u00e3o. &#8220;N\u00e3o estamos diante de um problema individual, mas sim de um problema estrutural e coletivo&#8221;, diz o autor.<\/p>\n<p><strong>Pr\u00f3ximas etapas<br \/>\n<\/strong>A proposta ser\u00e1 analisada, em <span class=\"termoGlossario\">car\u00e1ter conclusivo<\/span>, pelas comiss\u00f5es de Sa\u00fade; e Constitui\u00e7\u00e3o e Justi\u00e7a e de Cidadania. Para virar lei, o texto deve ser aprovado pela C\u00e2mara e pelo Senado.<\/p>\n<p><a href=\"https:\/\/www.camara.leg.br\/noticias\/573454-SAIBA-MAIS-SOBRE-A-TRAMITACAO-DE-PROJETOS-DE-LEI\">Saiba mais sobre a tramita\u00e7\u00e3o de projetos de lei<\/a><\/p>","protected":false},"excerpt":{"rendered":"<p>Mario Agra \/ C\u00e2mara dos Deputados Amom Mandel: 31% da popula\u00e7\u00e3o brasileira vive com a condi\u00e7\u00e3o de obesidade O Projeto de Lei 6274\/25 cria a Pol\u00edtica Nacional de Preven\u00e7\u00e3o e Combate \u00e0 Obesidade, com aten\u00e7\u00e3o especial para crian\u00e7as e adolescentes. A C\u00e2mara dos Deputados analisa a proposta. Apresentado pelo deputado Amom Mandel (Cidadania-AM), o texto [&hellip;]<\/p>\n","protected":false},"author":0,"featured_media":0,"comment_status":"open","ping_status":"open","sticky":false,"template":"","format":"standard","meta":{"footnotes":""},"categories":[1],"tags":[],"_links":{"self":[{"href":"https:\/\/jeffersonisac.adv.br\/index.php\/wp-json\/wp\/v2\/posts\/15489"}],"collection":[{"href":"https:\/\/jeffersonisac.adv.br\/index.php\/wp-json\/wp\/v2\/posts"}],"about":[{"href":"https:\/\/jeffersonisac.adv.br\/index.php\/wp-json\/wp\/v2\/types\/post"}],"replies":[{"embeddable":true,"href":"https:\/\/jeffersonisac.adv.br\/index.php\/wp-json\/wp\/v2\/comments?post=15489"}],"version-history":[{"count":0,"href":"https:\/\/jeffersonisac.adv.br\/index.php\/wp-json\/wp\/v2\/posts\/15489\/revisions"}],"wp:attachment":[{"href":"https:\/\/jeffersonisac.adv.br\/index.php\/wp-json\/wp\/v2\/media?parent=15489"}],"wp:term":[{"taxonomy":"category","embeddable":true,"href":"https:\/\/jeffersonisac.adv.br\/index.php\/wp-json\/wp\/v2\/categories?post=15489"},{"taxonomy":"post_tag","embeddable":true,"href":"https:\/\/jeffersonisac.adv.br\/index.php\/wp-json\/wp\/v2\/tags?post=15489"}],"curies":[{"name":"wp","href":"https:\/\/api.w.org\/{rel}","templated":true}]}}